{"id":10003,"date":"2024-05-20T22:17:00","date_gmt":"2024-05-21T01:17:00","guid":{"rendered":"https:\/\/www.labrujulaweb.com.ar\/blog\/?p=10003"},"modified":"2024-05-22T17:33:15","modified_gmt":"2024-05-22T20:33:15","slug":"ameghino-incendio-total-de-un-vehiculo-en-camino-a-costa","status":"publish","type":"post","link":"https:\/\/www.labrujulaweb.com.ar\/blog\/interes-general\/ameghino-incendio-total-de-un-vehiculo-en-camino-a-costa\/","title":{"rendered":"Ameghino: Incendio total de un vehiculo en camino a Costa."},"content":{"rendered":"\n<p class=\"has-black-color has-text-color has-link-color wp-elements-308374af272e8204fd59a70878f96260\"><strong><em>Una dotaci\u00f3n de bomberos trabajo para apagar el fuego de un veh\u00edculo que se incendi\u00f3 cuando estaba circulando.<\/em><\/strong><\/p>\n\n\n\n<p class=\"has-black-color has-text-color has-link-color wp-elements-dc65e35f1672feba1459375374ef386f\">De acuerdo a la informaci\u00f3n obtenida se trat\u00f3 de una Camioneta Volkwagen Amarok 20TD 4&#215;2 Mod. 2015 que circulaba sentido <strong>Ameghino-Costa,<\/strong> conducida por Claudio Medina y cuyo propietario es el Sr H\u00e9ctor O. Torres.<\/p>\n\n\n\n<p class=\"has-black-color has-text-color has-link-color wp-elements-f81ecec8acd2bcd06a48b89c9463b05c\">Por razones que aun no se pudieron establecer el rodado comenz\u00f3 a incendiarse produci\u00e9ndose la destrucci\u00f3n total del mismo , en tanto el conductor \u2013 \u00fanico ocupante-result\u00f3 ileso.<\/p>\n\n\n\n<figure class=\"wp-block-image size-full\"><img data-recalc-dims=\"1\" loading=\"lazy\" decoding=\"async\" width=\"376\" height=\"500\" src=\"https:\/\/i0.wp.com\/www.labrujulaweb.com.ar\/blog\/wp-content\/uploads\/2024\/05\/VEHICULO2-VALIDO.jpg?resize=376%2C500&#038;ssl=1\" alt=\"\" class=\"wp-image-10005\" srcset=\"https:\/\/i0.wp.com\/www.labrujulaweb.com.ar\/blog\/wp-content\/uploads\/2024\/05\/VEHICULO2-VALIDO.jpg?w=376&amp;ssl=1 376w, https:\/\/i0.wp.com\/www.labrujulaweb.com.ar\/blog\/wp-content\/uploads\/2024\/05\/VEHICULO2-VALIDO.jpg?resize=226%2C300&amp;ssl=1 226w\" sizes=\"auto, (max-width: 376px) 100vw, 376px\" \/><\/figure>\n","protected":false},"excerpt":{"rendered":"<p>Una dotaci\u00f3n de bomberos trabajo para apagar el fuego de un veh\u00edculo que se incendi\u00f3 cuando estaba circulando. De acuerdo a la informaci\u00f3n obtenida se trat\u00f3 de una Camioneta Volkwagen Amarok 20TD 4&#215;2 Mod. 2015 que circulaba sentido Ameghino-Costa, conducida por Claudio Medina y cuyo propietario es el Sr H\u00e9ctor O. Torres. Por razones que [&hellip;]<\/p>\n","protected":false},"author":2,"featured_media":10004,"comment_status":"open","ping_status":"open","sticky":false,"template":"","format":"standard","meta":{"footnotes":"","jetpack_publicize_message":"","jetpack_publicize_feature_enabled":true,"jetpack_social_post_already_shared":false,"jetpack_social_options":{"image_generator_settings":{"template":"highway","default_image_id":0,"font":"","enabled":false},"version":2}},"categories":[24,31,6,9,37],"tags":[],"class_list":["post-10003","post","type-post","status-publish","format-standard","has-post-thumbnail","hentry","category-florentino-ameghino","category-importantes","category-interes-general","category-municipios","category-sociedad"],"jetpack_publicize_connections":[],"jetpack_featured_media_url":"https:\/\/i0.wp.com\/www.labrujulaweb.com.ar\/blog\/wp-content\/uploads\/2024\/05\/VEHICULO-VALIDO.jpg?fit=572%2C500&ssl=1","jetpack_sharing_enabled":true,"_links":{"self":[{"href":"https:\/\/www.labrujulaweb.com.ar\/blog\/wp-json\/wp\/v2\/posts\/10003","targetHints":{"allow":["GET"]}}],"collection":[{"href":"https:\/\/www.labrujulaweb.com.ar\/blog\/wp-json\/wp\/v2\/posts"}],"about":[{"href":"https:\/\/www.labrujulaweb.com.ar\/blog\/wp-json\/wp\/v2\/types\/post"}],"author":[{"embeddable":true,"href":"https:\/\/www.labrujulaweb.com.ar\/blog\/wp-json\/wp\/v2\/users\/2"}],"replies":[{"embeddable":true,"href":"https:\/\/www.labrujulaweb.com.ar\/blog\/wp-json\/wp\/v2\/comments?post=10003"}],"version-history":[{"count":2,"href":"https:\/\/www.labrujulaweb.com.ar\/blog\/wp-json\/wp\/v2\/posts\/10003\/revisions"}],"predecessor-version":[{"id":10007,"href":"https:\/\/www.labrujulaweb.com.ar\/blog\/wp-json\/wp\/v2\/posts\/10003\/revisions\/10007"}],"wp:featuredmedia":[{"embeddable":true,"href":"https:\/\/www.labrujulaweb.com.ar\/blog\/wp-json\/wp\/v2\/media\/10004"}],"wp:attachment":[{"href":"https:\/\/www.labrujulaweb.com.ar\/blog\/wp-json\/wp\/v2\/media?parent=10003"}],"wp:term":[{"taxonomy":"category","embeddable":true,"href":"https:\/\/www.labrujulaweb.com.ar\/blog\/wp-json\/wp\/v2\/categories?post=10003"},{"taxonomy":"post_tag","embeddable":true,"href":"https:\/\/www.labrujulaweb.com.ar\/blog\/wp-json\/wp\/v2\/tags?post=10003"}],"curies":[{"name":"wp","href":"https:\/\/api.w.org\/{rel}","templated":true}]}}