{"id":10146,"date":"2024-06-04T11:50:25","date_gmt":"2024-06-04T14:50:25","guid":{"rendered":"https:\/\/www.labrujulaweb.com.ar\/blog\/?p=10146"},"modified":"2024-06-06T08:08:30","modified_gmt":"2024-06-06T11:08:30","slug":"luis-nardi-un-hombre-simple-que-logro-la-mega-muestra-mas-federal-y-de-mayor-trayectoria-30-anos-de-agroactiva-nota","status":"publish","type":"post","link":"https:\/\/www.labrujulaweb.com.ar\/blog\/interes-general\/luis-nardi-un-hombre-simple-que-logro-la-mega-muestra-mas-federal-y-de-mayor-trayectoria-30-anos-de-agroactiva-nota\/","title":{"rendered":"Luis Nardi: Un hombre simple que logr\u00f3 la mega muestra mas federal y de mayor trayectoria -30 a\u00f1os de \u00abAgroactiva\u00bb- Nota-"},"content":{"rendered":"\n<p class=\"has-black-color has-text-color has-link-color wp-elements-109c786bcf0bbbd3502e0f7f6720b516\">En el marco de lo que ser\u00e1. -A partir de este <strong>Miercoles 5 de Junio<\/strong>-la mega muestra m\u00e1s federal y con mayor trayectoria de la Argentina, en una c\u00e1lida y emotiva charla, dialogamos con <strong>Luis Nardi<\/strong> &#8211; su creador-sobre los primeros a\u00f1os de la muestra, todo el esfuerzo realizado para lograr lo que hoy es <strong>AgroActiva,<\/strong> an\u00e9cdotas del camino recorrido, su emoci\u00f3n al atravesar cada a\u00f1o el p\u00f3rtico y sus deseos.<\/p>\n\n\n\n<p class=\"has-black-color has-text-color has-link-color wp-elements-5de04158c88668ef20f33b4e411b33e3\"><strong>Sobre los inicios de AgroActiva<\/strong><\/p>\n\n\n\n<p class=\"has-black-color has-text-color has-link-color wp-elements-ba4d7d8996452e61b367ddf59f4f13ef\"><strong>\u00bfQu\u00e9 lo motiv\u00f3 a decir hay que ir por esto?, \u00bfc\u00f3mo tuvo esa visi\u00f3n hace tantos a\u00f1os?<\/strong><\/p>\n\n\n\n<p class=\"has-black-color has-text-color has-link-color wp-elements-80fd8a7aac598d9ffe33da2866d2afb7\"><strong>AgroActiva <\/strong>en realidad fue una creaci\u00f3n de dos instituciones de Armstrong, del Centro Comercial y el Club Defensores, ellos le pusieron el nombre. Hicieron creo que dos muestras y no pod\u00edan continuar porque no les daba la capacidad econ\u00f3mica. Fue as\u00ed que a trav\u00e9s de un amigo de Pergamino, me enter\u00e9 de que se vend\u00eda y me interes\u00f3 comprarla. Coincid\u00eda llamativamente con el lugar donde nacimos con mi hermana. Me reun\u00ed y cerramos el negocio. A partir de ese momento, comenzamos a trabajar en esa especie de utop\u00eda, una aventura\u2026 Algo que quedaba bajo el techo de Expo Chacra que cubr\u00eda todo el espectro del mercado de las muestras a campo. Mis hijos Rosana y Luis, Mariano Restelli, Dar\u00edo Schiavoni y Omar Salda\u00f1o fueron los que estuvieron desde el primer d\u00eda.<\/p>\n\n\n\n<p class=\"has-black-color has-text-color has-link-color wp-elements-8d09f5e2a1bed8f0c8f24ced2f02a12c\"><strong>AgroActiva era un nombre y un portafolio<\/strong><\/p>\n\n\n\n<p class=\"has-black-color has-text-color has-link-color wp-elements-ac34661031d45335ef64df4ad8c9c4d2\">Alquilamos un departamento en Armstrong. Arranqu\u00e9 con un portafolio. Digamos que Agroactiva era un nombre y un portafolio. Dar\u00edo me cubr\u00eda lo m\u00e1s cercano, y yo empec\u00e9 a trabajar de manera personal en Buenos Aires, C\u00f3rdoba, entre otros lugares.<\/p>\n\n\n\n<p class=\"has-black-color has-text-color has-link-color wp-elements-1da328156bcd30a58a42124f747ab7cf\"><strong>\u00bfC\u00f3mo fueron los primeros encuentros? \u00bfHubo buena recepci\u00f3n o cost\u00f3?<\/strong><\/p>\n\n\n\n<p class=\"has-black-color has-text-color has-link-color wp-elements-0e93ede880030bcaf5acd2f605a497ee\">La recepci\u00f3n no era ni buena ni mala, era una cosa desconocida, de manera que cost\u00f3.<\/p>\n\n\n\n<p class=\"has-black-color has-text-color has-link-color wp-elements-5b977a9a68e39604c1ef51c6ac4075f9\"><strong>El sem\u00e1foro<\/strong><\/p>\n\n\n\n<p class=\"has-black-color has-text-color has-link-color wp-elements-36c8732910d2b5236c927c13dffdc7f6\">Ten\u00eda una agenda. Pon\u00eda los presuntos expositores, a los cuales visitaba. Era un sem\u00e1foro; rojo, amarillo y verde. Dibujaba los tres c\u00edrculos y cuando sal\u00eda de la reuni\u00f3n anotaba, pon\u00eda una X en cualquiera de los colores. Y tambi\u00e9n mi impresi\u00f3n personal.<\/p>\n\n\n\n<p class=\"has-black-color has-text-color has-link-color wp-elements-376ce8655212b1f54f7b11e43e09018a\"><strong>En esa presentaci\u00f3n, ante eso desconocido y arrancando esta aventura, \u00bfc\u00f3mo transmit\u00eda qu\u00e9 iba a ser eso, o por qu\u00e9 ten\u00edan que estar y ser parte de la muestra?<\/strong><\/p>\n\n\n\n<p class=\"has-black-color has-text-color has-link-color wp-elements-f7798fdfd9dae2e553900491fb2dcada\">Yo soy un hombre muy ambicioso. Mis sue\u00f1os no son chiquitos, son grandes. Cre\u00eda siempre que pod\u00edamos llegar a ser una muestra grande, importante. Pero no te voy a negar que las primeras entrevistas eran bastante desmoralizadoras. En fin, la primera exposici\u00f3n que se hizo en Marcos Ju\u00e1rez, el primer d\u00eda no vino nadie de p\u00fablico, nadie. El viernes, tengo grabado en la mente los tres primeros productores que entraron a la exposici\u00f3n. Era un padre con sus dos hijos.<\/p>\n\n\n\n<p class=\"has-black-color has-text-color has-link-color wp-elements-cad0e80ab354c031ff4c2987da2b23db\"><strong>\u00bfQu\u00e9 pens\u00f3 ese d\u00eda cuando no fue nadie?<\/strong><\/p>\n\n\n\n<p class=\"has-black-color has-text-color has-link-color wp-elements-743f1afb59b84e1ba11bf6a629a9df83\">\u00bfQu\u00e9 pens\u00e9? bueno, ver c\u00f3mo pod\u00edamos hacer para atraer el p\u00fablico. Trayendo al p\u00fablico \u00edbamos a atraer a los expositores, porque los expositores eran unos cuarenta y eran todos concesionarios. No eran las f\u00e1bricas con sus terminales. Esto de ahora no exist\u00eda, eran chicos. Pon\u00edan unos m\u00e1stiles, en fin, un poco de producci\u00f3n.<\/p>\n\n\n\n<p class=\"has-black-color has-text-color has-link-color wp-elements-d91820fb477249bcda5d58b5e9e1af11\">Ya para la segunda, que se hizo en Carcara\u00f1\u00e1, se me ocurri\u00f3 idear un sistema de invitaciones especiales para los productores. Ah\u00ed tuvimos una buena cantidad de p\u00fablico, nada m\u00e1s que buena.<\/p>\n\n\n\n<p class=\"has-black-color has-text-color has-link-color wp-elements-1fc1f617692bb39ba58b7d7c3e170ff3\">El primer quiebre que tuvo AgroActiva fue en Bell -Ville. Ten\u00edamos una exposici\u00f3n bastante chica, pero tuvimos p\u00fablico. Despu\u00e9s ya en R\u00edo Cuarto vinieron los primeros fabricantes directos, ya est\u00e1bamos creciendo al 40%. Tuvimos una cena, y unos amigos me preguntaron cu\u00e1ndo pod\u00edamos llegar a alcanzar a Expo Chacra. La contestaci\u00f3n de ese momento hubiera sido nunca, pero yo le puse un plazo de cinco a\u00f1os. Lo alcanzamos en mucho menos, en dos. Se produjo una especie de acci\u00f3n por reflejo del resto de algunos otros expositores, todas f\u00e1bricas de primer\u00edsimo nivel.<\/p>\n\n\n\n<p class=\"has-black-color has-text-color has-link-color wp-elements-4c9dffba3a61f52bddc059295bae24eb\">La muestra de Oncativo fue algo monumental. El primer trabajo que se hace en el campo es poner una estaca en cada uno de los lugares, cuatro estacas por cada stand. Nos paramos con Rosana en el medio de la exposici\u00f3n y no ve\u00edamos las estacas del fin de la muestra, del fin del campo. C\u00f3rdoba nos trat\u00f3 muy bien. Yo trenc\u00e9 una relaci\u00f3n personal con el gobernador de La Sota, a quien quise much\u00edsimo, un amigo extraordinario que apoy\u00f3 mucho la muestra.<\/p>\n\n\n\n<p class=\"has-black-color has-text-color has-link-color wp-elements-0edb681b31b66cb1321f755ba313d426\"><strong>\u00bfQu\u00e9 siente ahora en la 30 edici\u00f3n?<\/strong><\/p>\n\n\n\n<p class=\"has-black-color has-text-color has-link-color wp-elements-c6786ed523793a36bb558756425b535e\">Siento la misma pasi\u00f3n, las mismas sensaciones, el mismo orgullo personal porque Rosana respondi\u00f3 muy bien cuando yo resolv\u00ed retirarme, extraordinariamente bien.<\/p>\n\n\n\n<p class=\"has-black-color has-text-color has-link-color wp-elements-880867c64dceef2b4ef0546ff0f7590d\"><strong>\u00bfQu\u00e9 sensaci\u00f3n lo invade cuando llega a la muestra, cuando atraviesa el p\u00f3rtico?<\/strong><\/p>\n\n\n\n<p class=\"has-black-color has-text-color has-link-color wp-elements-c1c517eb4b26f9083a3fabae0805e722\">Me emociono. Ver la cantidad de p\u00fablico que viene, la producci\u00f3n de los stands, la prolijidad, la belleza que tiene la muestra, la armon\u00eda entre todos los participantes; los productores, el p\u00fablico, la mano de obra temporal. Para m\u00ed es muy emocionante todo eso.<\/p>\n\n\n\n<p class=\"has-black-color has-text-color has-link-color wp-elements-5463547e8788c213b1e45f39e47d12bc\"><strong>\u00bfC\u00f3mo ve a Ros<\/strong><strong>ana<\/strong><strong> en el rol de Directora General?<\/strong><\/p>\n\n\n\n<p class=\"has-black-color has-text-color has-link-color wp-elements-a36c330bf72b0ff78f3cb15800eeddf0\">La veo excelente como timonel de todo esto. Pero no me puedo desprender del profundo amor que siento por mi hija, por supuesto que ella me lo corresponde.<\/p>\n\n\n\n<p class=\"has-black-color has-text-color has-link-color wp-elements-d4064e691336d4954c57a854bf055931\"><strong>Este espacio, esta ciudad que se erige en el medio del campo argentino durante cuatro d\u00edas, \u00bfqu\u00e9 representa para el productor agropecuario?<\/strong><\/p>\n\n\n\n<p class=\"has-black-color has-text-color has-link-color wp-elements-11bb2179999c4ff07e7a6b7fad05fee7\"><br>Yo creo que lo que siente el productor que viene a nuestra exposici\u00f3n es que est\u00e1 en su casa. Que est\u00e1 en un lugar que lo quiere, que lo cobija, que lo abraza. Y que le ofrece satisfacci\u00f3n para que se entremezcle con todas las cosas que a \u00e9l lo apasionan. Vienen a buscar herramientas para trabajar, esta frase no es m\u00eda, es de mi amigo Landriscina.<\/p>\n\n\n\n<p class=\"has-black-color has-text-color has-link-color wp-elements-62a85eb1c7a782201dc1abaf8334cc4e\"><strong>\u00bfQu\u00e9 opina del acompa\u00f1amiento, en este caso, del gobierno de Santa Fe?<\/strong><\/p>\n\n\n\n<p class=\"has-black-color has-text-color has-link-color wp-elements-87c5a96f8cd375c17167f733c8493063\">El gobierno de Santa Fe acompa\u00f1a mucho. Compra una cantidad importante de espacios donde coloca a las pymes y a los micro emprendedores. Cuando nos radicamos en Santa Fe, el gobernador era un caballero que se llamaba Hermes Binner, generamos una muy linda relaci\u00f3n. Despu\u00e9s vino Bonfatti, luego estuvo Lifschitz y Perotti. Tuvimos siempre un apoyo muy fuerte de gobernadores, del ministerio de Agricultura, de Econom\u00eda.<\/p>\n\n\n\n<p class=\"has-black-color has-text-color has-link-color wp-elements-424f37556f53f8b06bb82dadb89df11b\"><strong>Desde que conozco la muestra y al escucharlo a hablar, pienso y veo a AgroActiva como una ciudad de los negocios, pero tambi\u00e9n como la tierra de oportunidades. Micro emprendedores y pymes que tienen la chance de llegar, de mostrarse, como que adem\u00e1s de los expositores o las grandes marcas que van es un espacio para todos\u2026<\/strong><\/p>\n\n\n\n<p class=\"has-black-color has-text-color has-link-color wp-elements-69897d4a09feaad85372cd13afeefbbe\">Recuerdo por ejemplo, un hombre de C\u00f3rdoba que vende chorizos. Que empez\u00f3 con un puestito y ahora tiene cinco. En otra oportunidad con mi se\u00f1ora fuimos a recorrer la Patagonia, llegamos a Los Antiguo justo en la \u00e9poca de la recolecci\u00f3n de las cerezas. Fuimos a un comercio chiquito que vend\u00eda cerezas. Entramos y veo que hab\u00eda un diploma que exped\u00edamos nosotros, que hab\u00edan participado de la exposici\u00f3n. Eso me toc\u00f3, estuvimos conversando un largo rato.<\/p>\n\n\n\n<p class=\"has-black-color has-text-color has-link-color wp-elements-e41904b7c62ebdf1adbbc11b3582cdcf\"><strong>En varias oportunidades, se lo ha escuchado decir la palabra \u201cchacarerear\u201d, \u00bfc\u00f3mo surgi\u00f3 ese t\u00e9rmino?<\/strong><\/p>\n\n\n\n<p class=\"has-black-color has-text-color has-link-color wp-elements-4e654a1423613f8a4c30da454f8078d2\">Hay varias palabras de esas. Es una cosa que a m\u00ed me surge porque me gusta. Yo soy de campo, de pueblo chico. La picard\u00eda, los sobrenombres y las costumbres son totalmente diferentes a los de la gran ciudad. Me imagino que habr\u00e1 sido en alg\u00fan momento donde apareci\u00f3 la palabra chacarero.<\/p>\n\n\n\n<p class=\"has-black-color has-text-color has-link-color wp-elements-b6b49a99911a8b77edbe9bdbd8b7762d\"><strong>El p\u00f3rtico, \u201cel lugar donde m\u00e1s me gustaba estar\u201d<\/strong><\/p>\n\n\n\n<p class=\"has-black-color has-text-color has-link-color wp-elements-99311dfe451d3d7017ac4e170d580959\">O quiz\u00e1s cuando yo me paraba en el p\u00f3rtico que era el lugar donde m\u00e1s me gustaba estar, el p\u00f3rtico del lado de adentro. Recib\u00eda a las personas para ver de d\u00f3nde ven\u00edan, muchos desde muy lejos, y para agradecerles que hayan llegado hasta aqu\u00ed. Lo hac\u00eda para gratificarme con el contacto, el v\u00ednculo con la gente era muy importante. Pero no lo hac\u00eda por una cuesti\u00f3n comercial sino porque me interesaba, me sent\u00eda orgulloso de que ellos vinieran a un evento de estas caracter\u00edsticas.<\/p>\n\n\n\n<p class=\"has-black-color has-text-color has-link-color wp-elements-b1b5fb8f9b21c7b4bb00698b1abf6fc6\"><strong>AgroActiva tiene techo, pero corredizo<\/strong><\/p>\n\n\n\n<p class=\"has-black-color has-text-color has-link-color wp-elements-c1b34c5189874a241767d00b8b6ee986\">En una oportunidad me preguntaron si Agro Activa ten\u00eda techo. Y yo dije que s\u00ed, que ten\u00eda techo pero que era corredizo. En fin, intercambio de bromas pero siempre con un profundo sentido de la responsabilidad y del respeto.<\/p>\n\n\n\n<p class=\"has-black-color has-text-color has-link-color wp-elements-027917c54c85c5b509a952dc5217081c\">El chacarero es chacarero y no se ofende porque alguien le diga que es chacarero. Tiene su chacra. Cuando se juntan con otro, que es igual que \u00e9l, en realidad est\u00e1n chacarereando. Est\u00e1n hablando de sus explotaciones, de sus sentimientos, de c\u00f3mo ven la muestra. Se me ocurri\u00f3 la expresi\u00f3n y la sigo usando; es un cl\u00e1sico.<\/p>\n\n\n\n<p class=\"has-black-color has-text-color has-link-color wp-elements-ca61d2ed3c5b56e67d949940cb40b443\"><strong>\u00bfQu\u00e9 es lo que m\u00e1s disfruta del campo?<\/strong><\/p>\n\n\n\n<p class=\"has-black-color has-text-color has-link-color wp-elements-8bd92c08b2f448769a65f7b442266ef6\">Ac\u00e1 vivimos en paz. Estamos tranquilos, en contacto con la naturaleza. Tenemos amigos que son de este Pueblito, gente simple como nosotros y ac\u00e1 podemos disfrutarlos.<\/p>\n\n\n\n<p class=\"has-black-color has-text-color has-link-color wp-elements-f901bc55330df1b79bebc551d0cf284b\">Los animales, la belleza del campo, los p\u00e1jaros cuando uno sale a recorrer el campo. Todas esas son cosas que a m\u00ed me atraen profundamente. Y tengo el gusto de que mi compa\u00f1era tambi\u00e9n disfrute de eso. Ella est\u00e1 con sus plantas, yo tengo las m\u00edas. Tengo las plantas frutales, ella tiene las plantas ornamentales. Yo hago trabajos en madera. Ella hace pintura. Ac\u00e1 recibimos a nuestros hijos. Eso es lo que me atrae.<\/p>\n\n\n\n<p class=\"has-black-color has-text-color has-link-color wp-elements-0e700909b523a2dd4ee400ae5ccf4b3d\"><strong>\u00bfLe quedan sue\u00f1os por cumplir?<\/strong><\/p>\n\n\n\n<p class=\"has-black-color has-text-color has-link-color wp-elements-40c4f1d2bfb3b140185b417bf31d4bd3\">Le\u00ed hace poco que los sue\u00f1os son expresiones del alma. Que son sentimientos que generalmente no se cumplen. Son exagerados. Que uno en vez de decir sue\u00f1o deber\u00eda decir deseo. El deseo es m\u00e1s cre\u00edble. M\u00e1s real. Si uno realmente desea algo, es posible que se concrete. Porque va en esa direcci\u00f3n y se encuentra un d\u00eda con que eso se concret\u00f3. Yo lo que deseo es continuar con esta vida los a\u00f1os que me quedan. Pasarlo lo mejor posible. Alcanzar la felicidad la mayor cantidad de horas que pueda por d\u00eda. No tengo deseos de nuevos emprendimientos.<\/p>\n\n\n\n<p class=\"has-black-color has-text-color has-link-color wp-elements-bb34e868b75339fce4e395a11170954e\">Quiero vivir en paz y tener salud. Pasar la mayor cantidad de tiempo con la gente que uno quiere. Y nada m\u00e1s, son muy chiquitos mis deseos.<\/p>\n\n\n\n<p>De la redaccion Agroactiva<\/p>\n","protected":false},"excerpt":{"rendered":"<p>En el marco de lo que ser\u00e1. -A partir de este Miercoles 5 de Junio-la mega muestra m\u00e1s federal y con mayor trayectoria de la Argentina, en una c\u00e1lida y emotiva charla, dialogamos con Luis Nardi &#8211; su creador-sobre los primeros a\u00f1os de la muestra, todo el esfuerzo realizado para lograr lo que hoy es [&hellip;]<\/p>\n","protected":false},"author":2,"featured_media":10147,"comment_status":"open","ping_status":"open","sticky":false,"template":"","format":"standard","meta":{"footnotes":"","jetpack_publicize_message":"","jetpack_publicize_feature_enabled":true,"jetpack_social_post_already_shared":false,"jetpack_social_options":{"image_generator_settings":{"template":"highway","default_image_id":0,"font":"","enabled":false},"version":2}},"categories":[32,31,6,33,37],"tags":[],"class_list":["post-10146","post","type-post","status-publish","format-standard","has-post-thumbnail","hentry","category-agro-negocios","category-importantes","category-interes-general","category-rural","category-sociedad"],"jetpack_publicize_connections":[],"jetpack_featured_media_url":"https:\/\/i0.wp.com\/www.labrujulaweb.com.ar\/blog\/wp-content\/uploads\/2024\/06\/LUIS-NARDI-VALIDA.jpg?fit=873%2C500&ssl=1","jetpack_sharing_enabled":true,"_links":{"self":[{"href":"https:\/\/www.labrujulaweb.com.ar\/blog\/wp-json\/wp\/v2\/posts\/10146","targetHints":{"allow":["GET"]}}],"collection":[{"href":"https:\/\/www.labrujulaweb.com.ar\/blog\/wp-json\/wp\/v2\/posts"}],"about":[{"href":"https:\/\/www.labrujulaweb.com.ar\/blog\/wp-json\/wp\/v2\/types\/post"}],"author":[{"embeddable":true,"href":"https:\/\/www.labrujulaweb.com.ar\/blog\/wp-json\/wp\/v2\/users\/2"}],"replies":[{"embeddable":true,"href":"https:\/\/www.labrujulaweb.com.ar\/blog\/wp-json\/wp\/v2\/comments?post=10146"}],"version-history":[{"count":3,"href":"https:\/\/www.labrujulaweb.com.ar\/blog\/wp-json\/wp\/v2\/posts\/10146\/revisions"}],"predecessor-version":[{"id":10151,"href":"https:\/\/www.labrujulaweb.com.ar\/blog\/wp-json\/wp\/v2\/posts\/10146\/revisions\/10151"}],"wp:featuredmedia":[{"embeddable":true,"href":"https:\/\/www.labrujulaweb.com.ar\/blog\/wp-json\/wp\/v2\/media\/10147"}],"wp:attachment":[{"href":"https:\/\/www.labrujulaweb.com.ar\/blog\/wp-json\/wp\/v2\/media?parent=10146"}],"wp:term":[{"taxonomy":"category","embeddable":true,"href":"https:\/\/www.labrujulaweb.com.ar\/blog\/wp-json\/wp\/v2\/categories?post=10146"},{"taxonomy":"post_tag","embeddable":true,"href":"https:\/\/www.labrujulaweb.com.ar\/blog\/wp-json\/wp\/v2\/tags?post=10146"}],"curies":[{"name":"wp","href":"https:\/\/api.w.org\/{rel}","templated":true}]}}