{"id":10285,"date":"2024-07-03T22:13:32","date_gmt":"2024-07-04T01:13:32","guid":{"rendered":"https:\/\/www.labrujulaweb.com.ar\/blog\/?p=10285"},"modified":"2024-07-07T21:41:02","modified_gmt":"2024-07-08T00:41:02","slug":"robo-esclarecido-por-parte-del-c-p-r-de-florentino-ameghino","status":"publish","type":"post","link":"https:\/\/www.labrujulaweb.com.ar\/blog\/interes-general\/robo-esclarecido-por-parte-del-c-p-r-de-florentino-ameghino\/","title":{"rendered":"Robo esclarecido por parte del C.P.R de Ameghino."},"content":{"rendered":"\n<p class=\"has-black-color has-text-color has-link-color wp-elements-5b1844201645794a7eece0827624c8de\"><strong><em>En el asiento de la Patrulla Rural del partido de Ameghino, se recepci\u00f3na una denuncia por parte de un arrendado rural del medio, en la que daba cuenta de la sustracci\u00f3n de elementos de su propiedad que fueran robados ,aprovechando la ausencia de moradores en el lugar.<\/em><\/strong><\/p>\n\n\n\n<p class=\"has-black-color has-text-color has-link-color wp-elements-158135c965e02f3c0e3c65dff537340b\">Consecuencia de ello, en el <strong>Comando de prevenci\u00f3n Rural de Ameghino <\/strong>se dio inicio a actuaciones penales caratuladas <strong>ROBO<\/strong> y se di\u00f3 intervenci\u00f3n a la <strong>ayudant\u00eda fiscal local<\/strong>.<\/p>\n\n\n\n<p class=\"has-black-color has-text-color has-link-color wp-elements-628643b1f8ff3c7b4acd0d7d8d1fb6a7\"> Llevada a cabo diferentes diligencias de rigor en dichas actuaciones, se logra establecer por parte de los uniformados, <strong>personas mayor de edad y con domicilios en la planta urbana de Gral Villegas<\/strong>.<\/p>\n\n\n\n<p class=\"has-black-color has-text-color has-link-color wp-elements-ea64921c9ea45e35769ee3eda162b0ca\">Como consecuencia de dicha recolecci\u00f3n de datos, el ministerio publico fiscal de injerencia, dispuso que  se lleven a cabo <strong>allanamientos<\/strong> en la planta urbana, vivienda de las personas sospechadas y que se efect\u00faa con polic\u00edas pertenecientes al <strong>C.P.R Ameghino <\/strong>y colaboraci\u00f3n de efectivos del la <strong>E.P.S.Comunal F.Ameghino y C.P.R. General Villegas.<\/strong><\/p>\n\n\n\n<figure class=\"wp-block-image size-full is-resized\"><img data-recalc-dims=\"1\" loading=\"lazy\" decoding=\"async\" width=\"461\" height=\"500\" src=\"https:\/\/i0.wp.com\/www.labrujulaweb.com.ar\/blog\/wp-content\/uploads\/2024\/07\/CPR2VALIDA.jpg?resize=461%2C500&#038;ssl=1\" alt=\"\" class=\"wp-image-10287\" style=\"width:332px;height:auto\" srcset=\"https:\/\/i0.wp.com\/www.labrujulaweb.com.ar\/blog\/wp-content\/uploads\/2024\/07\/CPR2VALIDA.jpg?w=461&amp;ssl=1 461w, https:\/\/i0.wp.com\/www.labrujulaweb.com.ar\/blog\/wp-content\/uploads\/2024\/07\/CPR2VALIDA.jpg?resize=277%2C300&amp;ssl=1 277w\" sizes=\"auto, (max-width: 461px) 100vw, 461px\" \/><\/figure>\n\n\n\n<p class=\"has-black-color has-text-color has-link-color wp-elements-63ff9aeb59bceda283cd11415e87a240\">Dichos allanamientos arrojo un resultado <strong>POSITIVO<\/strong> logr\u00e1ndose secuestrar durante el mismo elementos de inter\u00e9s para la sustanciaci\u00f3n de la causa judicial en tramite.-<\/p>\n","protected":false},"excerpt":{"rendered":"<p>En el asiento de la Patrulla Rural del partido de Ameghino, se recepci\u00f3na una denuncia por parte de un arrendado rural del medio, en la que daba cuenta de la sustracci\u00f3n de elementos de su propiedad que fueran robados ,aprovechando la ausencia de moradores en el lugar. Consecuencia de ello, en el Comando de prevenci\u00f3n [&hellip;]<\/p>\n","protected":false},"author":2,"featured_media":10286,"comment_status":"open","ping_status":"open","sticky":false,"template":"","format":"standard","meta":{"footnotes":"","jetpack_publicize_message":"","jetpack_publicize_feature_enabled":true,"jetpack_social_post_already_shared":true,"jetpack_social_options":{"image_generator_settings":{"template":"highway","default_image_id":0,"font":"","enabled":false},"version":2}},"categories":[24,31,6,9,34,33],"tags":[],"class_list":["post-10285","post","type-post","status-publish","format-standard","has-post-thumbnail","hentry","category-florentino-ameghino","category-importantes","category-interes-general","category-municipios","category-policial","category-rural"],"jetpack_publicize_connections":[],"jetpack_featured_media_url":"https:\/\/i0.wp.com\/www.labrujulaweb.com.ar\/blog\/wp-content\/uploads\/2024\/07\/CPR-VALIDA.jpg?fit=563%2C500&ssl=1","jetpack_sharing_enabled":true,"_links":{"self":[{"href":"https:\/\/www.labrujulaweb.com.ar\/blog\/wp-json\/wp\/v2\/posts\/10285","targetHints":{"allow":["GET"]}}],"collection":[{"href":"https:\/\/www.labrujulaweb.com.ar\/blog\/wp-json\/wp\/v2\/posts"}],"about":[{"href":"https:\/\/www.labrujulaweb.com.ar\/blog\/wp-json\/wp\/v2\/types\/post"}],"author":[{"embeddable":true,"href":"https:\/\/www.labrujulaweb.com.ar\/blog\/wp-json\/wp\/v2\/users\/2"}],"replies":[{"embeddable":true,"href":"https:\/\/www.labrujulaweb.com.ar\/blog\/wp-json\/wp\/v2\/comments?post=10285"}],"version-history":[{"count":2,"href":"https:\/\/www.labrujulaweb.com.ar\/blog\/wp-json\/wp\/v2\/posts\/10285\/revisions"}],"predecessor-version":[{"id":10289,"href":"https:\/\/www.labrujulaweb.com.ar\/blog\/wp-json\/wp\/v2\/posts\/10285\/revisions\/10289"}],"wp:featuredmedia":[{"embeddable":true,"href":"https:\/\/www.labrujulaweb.com.ar\/blog\/wp-json\/wp\/v2\/media\/10286"}],"wp:attachment":[{"href":"https:\/\/www.labrujulaweb.com.ar\/blog\/wp-json\/wp\/v2\/media?parent=10285"}],"wp:term":[{"taxonomy":"category","embeddable":true,"href":"https:\/\/www.labrujulaweb.com.ar\/blog\/wp-json\/wp\/v2\/categories?post=10285"},{"taxonomy":"post_tag","embeddable":true,"href":"https:\/\/www.labrujulaweb.com.ar\/blog\/wp-json\/wp\/v2\/tags?post=10285"}],"curies":[{"name":"wp","href":"https:\/\/api.w.org\/{rel}","templated":true}]}}