{"id":10673,"date":"2024-09-16T17:13:31","date_gmt":"2024-09-16T20:13:31","guid":{"rendered":"https:\/\/www.labrujulaweb.com.ar\/blog\/?p=10673"},"modified":"2024-09-20T11:58:30","modified_gmt":"2024-09-20T14:58:30","slug":"a-seis-meses-no-cesa-el-dolor-por-la-tragedia-de-blaquier","status":"publish","type":"post","link":"https:\/\/www.labrujulaweb.com.ar\/blog\/interes-general\/a-seis-meses-no-cesa-el-dolor-por-la-tragedia-de-blaquier\/","title":{"rendered":"A Seis meses, no cesa el dolor por la tragedia de Blaquier."},"content":{"rendered":"\n<p class=\"has-black-color has-text-color has-link-color wp-elements-9d98d52fb5d384fc71dc387b6d5961d8\"><strong><em>En fase de investigaci\u00f3n. As\u00ed se encuentra la causa por la tragedia m\u00e1s grande de la historia de Ameghino -detall\u00f3 en su edici\u00f3n de este Lunes el diario \u201cEl Dia\u201d de La Plata-<\/em><\/strong><\/p>\n\n\n\n<p class=\"has-black-color has-text-color has-link-color wp-elements-34b7242ab3d2be230487f71b202865d5\">Fue por la muerte de las seis personas en el pozo de bombeo de cloacas, en Blaquier, a 12 metros de profundidad, el pasado 14 de Marzo.<\/p>\n\n\n\n<p class=\"has-black-color has-text-color has-link-color wp-elements-3106eeb874c4622d858e6fae1923f15e\">Por el caso a\u00fan persisten numerosos interrogantes y la Justicia tambi\u00e9n intenta determinar qu\u00e9 responsabilidad tiene el Municipio y sus m\u00e1ximas autoridades.<\/p>\n\n\n\n<p class=\"has-black-color has-text-color has-link-color wp-elements-1c12f36f72cad33651a8a5fa75514fa5\"><strong>Adri\u00e1n Ullua,<\/strong> el abogado que representa a la mujer de<strong> Bottega<\/strong> en el rol de particular damnificado, sostuvo que \u201cAc\u00e1 fall\u00f3 todo, fundamentalmente los controles y las medidas de seguridad. El delegado del pueblo, para nosotros, est\u00e1 comprometido. Y lo haremos valer en el expediente\u201d.<\/p>\n\n\n\n<p class=\"has-black-color has-text-color has-link-color wp-elements-c7af4e08c35fc32dd0140d36bd189db4\">Por otro lado el diario Clar\u00edn, destac\u00f3 las dudas por el escape fatal y el dolor de la mujer que perdi\u00f3 a su marido y su hijo, refiri\u00e9ndose a <strong>Mirna Dovigo<\/strong>, mam\u00e1 de <strong>Nico S\u00e1nchez<\/strong> y esposa de <strong>Juan S\u00e1nchez<\/strong>, dos de los fallecidos.<\/p>\n\n\n\n<p class=\"has-black-color has-text-color has-link-color wp-elements-09bf5fecda3db4d7f3d31c6fba8e4849\"><strong>\u201cYo s\u00e9 por qu\u00e9 muri\u00f3 mi marido, muri\u00f3 tratando de salvar a su hijo. Pero nadie me explica por qu\u00e9 muri\u00f3 mi hijo\u201d<\/strong>, dijo con la voz quebrada Mirna Dovigo, madre de Nicol\u00e1s S\u00e1nchez.<\/p>\n\n\n\n<p class=\"has-black-color has-text-color has-link-color wp-elements-c98ba2ed2984c77c15e5875b4bbe0d95\">Hoy, Blaquier contin\u00faa con una profunda conmoci\u00f3n porque medio a\u00f1o despu\u00e9s, a\u00fan se desconoce <strong>si fue un accidente o hubo negligencia por parte de la municipalidad<\/strong>. Para Mirna, de 52 a\u00f1os,<strong>son dos los culpables<\/strong>: el municipio y el jefe de Bomberos de la localidad.<\/p>\n\n\n\n<p class=\"has-black-color has-text-color has-link-color wp-elements-e696c53cf6093da32a61a6f1487958fa\">El terrible episodio se produjo cuando el bombista de 60 a\u00f1os fue contratado por el municipio para realizar tareas de mantenimiento en la red cloacal, ubicada a 200 metros de la zona urbana. Seg\u00fan trascendi\u00f3, el hombre<strong> ingres\u00f3 sin m\u00e1scara de protecci\u00f3n <\/strong>y falleci\u00f3 a causa de <strong>inhalacion de gas metano.<\/strong><\/p>\n\n\n\n<p class=\"has-black-color has-text-color has-link-color wp-elements-64c50bf4450e83d446662b0294b4706f\">Tras un pedido de auxilio por parte del responsable de cloacas, se acercaron <strong>Carlos Ranger<\/strong> (39), <strong>Alejandro Centeno<\/strong> (36), <strong>Mateo Pellegrino <\/strong>(27),<strong> Juan Ram\u00f3n S\u00e1nchez<\/strong> (50) y su hijo <strong>Nicol\u00e1s S\u00e1nchez<\/strong> (29). Fuentes oficiales afirmaron que \u201ca medida que descend\u00edan, sufrieron las mismas consecuencias asociadas a la<strong> inhalaci\u00f3n de gases concentrados<\/strong>\u201d.<\/p>\n\n\n\n<p class=\"has-black-color has-text-color has-link-color wp-elements-9064d1194c02b7adb67575edb2b790ba\">Actualmente, el expediente judicial se encuentra en <strong>fase de investigaci\u00f3n<\/strong>. A\u00fan se est\u00e1n esperando las pericias complementarias de bomberos y la polic\u00eda ecol\u00f3gica, y falta la realizaci\u00f3n de los an\u00e1lisis de las v\u00edsceras de los fallecidos.<\/p>\n\n\n\n<p class=\"has-black-color has-text-color has-link-color wp-elements-7234277eaca7b116102d8c809a46792f\"><strong>Fuente: El Dia y Clarin<\/strong><\/p>\n\n\n\n<p><\/p>\n","protected":false},"excerpt":{"rendered":"<p>En fase de investigaci\u00f3n. As\u00ed se encuentra la causa por la tragedia m\u00e1s grande de la historia de Ameghino -detall\u00f3 en su edici\u00f3n de este Lunes el diario \u201cEl Dia\u201d de La Plata- Fue por la muerte de las seis personas en el pozo de bombeo de cloacas, en Blaquier, a 12 metros de profundidad, [&hellip;]<\/p>\n","protected":false},"author":2,"featured_media":10674,"comment_status":"open","ping_status":"open","sticky":false,"template":"","format":"standard","meta":{"footnotes":"","jetpack_publicize_message":"","jetpack_publicize_feature_enabled":true,"jetpack_social_post_already_shared":true,"jetpack_social_options":{"image_generator_settings":{"template":"highway","default_image_id":0,"font":"","enabled":false},"version":2}},"categories":[24,31,6,9,37],"tags":[],"class_list":["post-10673","post","type-post","status-publish","format-standard","has-post-thumbnail","hentry","category-florentino-ameghino","category-importantes","category-interes-general","category-municipios","category-sociedad"],"jetpack_publicize_connections":[],"jetpack_featured_media_url":"https:\/\/i0.wp.com\/www.labrujulaweb.com.ar\/blog\/wp-content\/uploads\/2024\/09\/BLAQUIER-VALIDA.jpg?fit=888%2C500&ssl=1","jetpack_sharing_enabled":true,"_links":{"self":[{"href":"https:\/\/www.labrujulaweb.com.ar\/blog\/wp-json\/wp\/v2\/posts\/10673","targetHints":{"allow":["GET"]}}],"collection":[{"href":"https:\/\/www.labrujulaweb.com.ar\/blog\/wp-json\/wp\/v2\/posts"}],"about":[{"href":"https:\/\/www.labrujulaweb.com.ar\/blog\/wp-json\/wp\/v2\/types\/post"}],"author":[{"embeddable":true,"href":"https:\/\/www.labrujulaweb.com.ar\/blog\/wp-json\/wp\/v2\/users\/2"}],"replies":[{"embeddable":true,"href":"https:\/\/www.labrujulaweb.com.ar\/blog\/wp-json\/wp\/v2\/comments?post=10673"}],"version-history":[{"count":2,"href":"https:\/\/www.labrujulaweb.com.ar\/blog\/wp-json\/wp\/v2\/posts\/10673\/revisions"}],"predecessor-version":[{"id":10676,"href":"https:\/\/www.labrujulaweb.com.ar\/blog\/wp-json\/wp\/v2\/posts\/10673\/revisions\/10676"}],"wp:featuredmedia":[{"embeddable":true,"href":"https:\/\/www.labrujulaweb.com.ar\/blog\/wp-json\/wp\/v2\/media\/10674"}],"wp:attachment":[{"href":"https:\/\/www.labrujulaweb.com.ar\/blog\/wp-json\/wp\/v2\/media?parent=10673"}],"wp:term":[{"taxonomy":"category","embeddable":true,"href":"https:\/\/www.labrujulaweb.com.ar\/blog\/wp-json\/wp\/v2\/categories?post=10673"},{"taxonomy":"post_tag","embeddable":true,"href":"https:\/\/www.labrujulaweb.com.ar\/blog\/wp-json\/wp\/v2\/tags?post=10673"}],"curies":[{"name":"wp","href":"https:\/\/api.w.org\/{rel}","templated":true}]}}