{"id":10825,"date":"2024-10-15T09:13:09","date_gmt":"2024-10-15T12:13:09","guid":{"rendered":"https:\/\/www.labrujulaweb.com.ar\/blog\/?p=10825"},"modified":"2024-10-18T07:06:04","modified_gmt":"2024-10-18T10:06:04","slug":"blaquier-a-siete-meses-avanza-la-investigacion-por-la-muerte-de-6-personas-en-la-planta-de-cloacas","status":"publish","type":"post","link":"https:\/\/www.labrujulaweb.com.ar\/blog\/interes-general\/blaquier-a-siete-meses-avanza-la-investigacion-por-la-muerte-de-6-personas-en-la-planta-de-cloacas\/","title":{"rendered":"Blaquier: A siete meses, avanza la investigaci\u00f3n por la muerte de 6 personas en la planta de cloacas."},"content":{"rendered":"\n<p class=\"has-black-color has-text-color has-link-color wp-elements-a1d9b2d4d140408ffb087ddc80f3861c\"><strong><em>Este miercoles indagar\u00e1n a los imputados: el intendente de Ameghino y la secretaria de obras p\u00fablicas del distrito.<\/em><\/strong><\/p>\n\n\n\n<p class=\"has-black-color has-text-color has-link-color wp-elements-341a71faabf0c35ded399d7c9b223325\">Este mi\u00e9rcoles 16\/10 deber\u00e1 comparecer ante la justicia de Jun\u00edn el intendente de Ameghino <strong>Nahuel Mitellbach, <\/strong>por la causa de <strong><a href=\"https:\/\/es.wikipedia.org\/wiki\/Blaquier_(Florentino_Ameghino)\"><strong>Blaquier<\/strong><\/a><\/strong>, donde se registr\u00f3 la mayor tragedia de este siglo, que tuvo un saldo de seis v\u00edctimas fatales. por un problema que podr\u00eda haber resuelto f\u00e1cilmente con el uso de m\u00e1scaras \u2013 detalla en su portal Blanco sobre Negro de La Plata-<\/p>\n\n\n\n<p class=\"has-black-color has-text-color has-link-color wp-elements-bb43c2a9acd102bb6145dc3160b839aa\">En el marco de la investigaci\u00f3n, el medio platense entrevist\u00f3 al abogado de <strong>Bottega, Adri\u00e1n Ullua<\/strong>, quien explic\u00f3: \u00abRicardo Bottega fue contratado por el Municipio para realizar el mantenimiento de un pozo para cloacas en Blaquier que tiene muchos a\u00f1os. Eso lo tiene que hacer una empresa grande. El municipio detall\u00f3 que ten\u00eda que poner un director de obra pero nunca lo puso, y adem\u00e1s Botega le avis\u00f3 al delegado comunal que iba a bajar al pozo para que fuera, pero ese funcionario nunca fue\u00bb.<\/p>\n\n\n\n<p class=\"has-black-color has-text-color has-link-color wp-elements-946021c82bbf1c27957b29784719d539\">\u00abHab\u00eda una relaci\u00f3n de trabajo encubierta, es decir, precarizada. Era un contrato muy flojito. El trabajo se hizo para abaratar costos. \u00c9l ten\u00eda que reparar supuestamente una bomba que estaba dentro del pozo. Ya hab\u00eda estado durante el d\u00eda trabajando, pero la \u00faltima vez que baj\u00f3, cerca de las siete de la tarde, falleci\u00f3 de manera instant\u00e1nea\u00bb, detall\u00f3.<\/p>\n\n\n\n<p class=\"has-black-color has-text-color has-link-color wp-elements-a2659beacc196edbda4c4c181f255370\">\u00abEstos seis meses fueron buscando pruebas y testimonios hasta que lleg\u00f3 la etapa de cierre como investigaci\u00f3n preliminar y me constitu\u00ed como particular damnificado porque por lo que vi se puede decir que al menos hubo desidia. Los trabajadores no ten\u00edan seguro y ten\u00edan un contrato de locaci\u00f3n de servicio com\u00fan.<\/p>\n\n\n\n<p class=\"has-black-color has-text-color has-link-color wp-elements-57df53cd9926919a404367e108dd6ea9\">Ma\u00f1ana tanto el intendente como la secretaria de obras p\u00fablicas, pudiendo elegir declarar o n\u00f3 -como indica el c\u00f3digo procesal penal- ejercer\u00e1n su defensa, luego de esto el fiscal en base a las pruebas pide la elevacion a juicio o n\u00f3, facultad que determina el Juez de garant\u00edas.<\/p>\n\n\n\n<p>Fuente: Info Blanco sobre Negro<\/p>\n\n\n\n<p><\/p>\n","protected":false},"excerpt":{"rendered":"<p>Este miercoles indagar\u00e1n a los imputados: el intendente de Ameghino y la secretaria de obras p\u00fablicas del distrito. Este mi\u00e9rcoles 16\/10 deber\u00e1 comparecer ante la justicia de Jun\u00edn el intendente de Ameghino Nahuel Mitellbach, por la causa de Blaquier, donde se registr\u00f3 la mayor tragedia de este siglo, que tuvo un saldo de seis v\u00edctimas [&hellip;]<\/p>\n","protected":false},"author":2,"featured_media":10826,"comment_status":"open","ping_status":"open","sticky":false,"template":"","format":"standard","meta":{"footnotes":"","jetpack_publicize_message":"","jetpack_publicize_feature_enabled":true,"jetpack_social_post_already_shared":true,"jetpack_social_options":{"image_generator_settings":{"template":"highway","default_image_id":0,"font":"","enabled":false},"version":2}},"categories":[24,31,6,9,37],"tags":[],"class_list":["post-10825","post","type-post","status-publish","format-standard","has-post-thumbnail","hentry","category-florentino-ameghino","category-importantes","category-interes-general","category-municipios","category-sociedad"],"jetpack_publicize_connections":[],"jetpack_featured_media_url":"https:\/\/i0.wp.com\/www.labrujulaweb.com.ar\/blog\/wp-content\/uploads\/2024\/10\/BLAQUIER-GAS-VALIDA.jpg?fit=889%2C500&ssl=1","jetpack_sharing_enabled":true,"_links":{"self":[{"href":"https:\/\/www.labrujulaweb.com.ar\/blog\/wp-json\/wp\/v2\/posts\/10825","targetHints":{"allow":["GET"]}}],"collection":[{"href":"https:\/\/www.labrujulaweb.com.ar\/blog\/wp-json\/wp\/v2\/posts"}],"about":[{"href":"https:\/\/www.labrujulaweb.com.ar\/blog\/wp-json\/wp\/v2\/types\/post"}],"author":[{"embeddable":true,"href":"https:\/\/www.labrujulaweb.com.ar\/blog\/wp-json\/wp\/v2\/users\/2"}],"replies":[{"embeddable":true,"href":"https:\/\/www.labrujulaweb.com.ar\/blog\/wp-json\/wp\/v2\/comments?post=10825"}],"version-history":[{"count":2,"href":"https:\/\/www.labrujulaweb.com.ar\/blog\/wp-json\/wp\/v2\/posts\/10825\/revisions"}],"predecessor-version":[{"id":10829,"href":"https:\/\/www.labrujulaweb.com.ar\/blog\/wp-json\/wp\/v2\/posts\/10825\/revisions\/10829"}],"wp:featuredmedia":[{"embeddable":true,"href":"https:\/\/www.labrujulaweb.com.ar\/blog\/wp-json\/wp\/v2\/media\/10826"}],"wp:attachment":[{"href":"https:\/\/www.labrujulaweb.com.ar\/blog\/wp-json\/wp\/v2\/media?parent=10825"}],"wp:term":[{"taxonomy":"category","embeddable":true,"href":"https:\/\/www.labrujulaweb.com.ar\/blog\/wp-json\/wp\/v2\/categories?post=10825"},{"taxonomy":"post_tag","embeddable":true,"href":"https:\/\/www.labrujulaweb.com.ar\/blog\/wp-json\/wp\/v2\/tags?post=10825"}],"curies":[{"name":"wp","href":"https:\/\/api.w.org\/{rel}","templated":true}]}}