{"id":10964,"date":"2024-11-11T13:05:23","date_gmt":"2024-11-11T16:05:23","guid":{"rendered":"https:\/\/www.labrujulaweb.com.ar\/blog\/?p=10964"},"modified":"2024-11-13T22:11:32","modified_gmt":"2024-11-14T01:11:32","slug":"kicillof-encabezo-la-apertura-del-primer-congreso-provincial-de-agroecologia","status":"publish","type":"post","link":"https:\/\/www.labrujulaweb.com.ar\/blog\/gastronomia\/kicillof-encabezo-la-apertura-del-primer-congreso-provincial-de-agroecologia\/","title":{"rendered":"Kicillof encabez\u00f3 la apertura del primer Congreso Provincial de Agroecolog\u00eda"},"content":{"rendered":"\n<p class=\"has-black-color has-text-color has-link-color wp-elements-f1b96463534d247e4710393c67c05e99\"><strong><em>El gobernador de la provincia de Buenos Aires, Axel Kicillof, encabez\u00f3 este viernes en Lujan, la apertura del primer Congreso Provincial de Agroecolog\u00eda, con la participaci\u00f3n de diferentes referentes productivos, instituciones y organizaciones del sector. Fue en la Universidad Nacional de Luj\u00e1n (UNLu), junto al ministro de Desarrollo Agrario, Javier Rodriguez; el intendente local, Leonardo Boto; y el rector de la instituci\u00f3n, Walter Panessi.<\/em><\/strong><\/p>\n\n\n\n<p class=\"has-black-color has-text-color has-link-color wp-elements-f5367c4255d8ce3d6b3c9188c2f44040\">En ese marco, Kicillof afirm\u00f3: \u201cHace algunos a\u00f1os era impensado contar con lineamientos en materia de agroecolog\u00eda en la provincia de Buenos Aires: hoy, producto de pol\u00edticas p\u00fablicas, estamos participando de un encuentro que deja muy claro que avanzamos hacia la construcci\u00f3n de sistemas agroalimentarios sostenibles\u201d. \u201cEse modelo tiene que ser con valor agregado, con sustentabilidad ambiental, con ciencia y con innovaci\u00f3n tecnol\u00f3gica: es decir, apuntamos a un cambio en el modelo de alimentaci\u00f3n con soberan\u00eda nacional\u201d, agreg\u00f3.<\/p>\n\n\n\n<p class=\"has-black-color has-text-color has-link-color wp-elements-40bfed3d25e4f35842c1e9216b4e7411\">En ese sentido, el Gobernador se\u00f1al\u00f3 que \u201clas universidades p\u00fablicas tienen un rol indispensable para ello, ya que llevan adelante un gran trabajo de extensi\u00f3n y de presencia en las comunidades, dando cuenta de la situaci\u00f3n social y productiva en cada regi\u00f3n de nuestra provincia\u201d. \u201cEs por eso que, nosotros invertimos en ellas porque comprendemos que juegan un papel fundamental para el desarrollo y el futuro de nuestro pa\u00eds\u201d, explic\u00f3.<\/p>\n\n\n\n<p class=\"has-black-color has-text-color has-link-color wp-elements-5b958a8b5b215defb57d093140534b51\">El congreso funcionar\u00e1 como un espacio de di\u00e1logo y construcci\u00f3n colectiva para aportar alternativas ante los desaf\u00edos de la producci\u00f3n agroecol\u00f3gica, y tiene como objetivo central promover un sistema alimentario m\u00e1s justo y sostenible.<\/p>\n\n\n\n<figure class=\"wp-block-image size-full is-resized\"><img data-recalc-dims=\"1\" loading=\"lazy\" decoding=\"async\" width=\"640\" height=\"427\" src=\"https:\/\/i0.wp.com\/www.labrujulaweb.com.ar\/blog\/wp-content\/uploads\/2024\/11\/KICCILLOF-VALIDA.jpg?resize=640%2C427&#038;ssl=1\" alt=\"\" class=\"wp-image-10966\" style=\"width:405px;height:auto\" srcset=\"https:\/\/i0.wp.com\/www.labrujulaweb.com.ar\/blog\/wp-content\/uploads\/2024\/11\/KICCILLOF-VALIDA.jpg?w=750&amp;ssl=1 750w, https:\/\/i0.wp.com\/www.labrujulaweb.com.ar\/blog\/wp-content\/uploads\/2024\/11\/KICCILLOF-VALIDA.jpg?resize=300%2C200&amp;ssl=1 300w\" sizes=\"auto, (max-width: 640px) 100vw, 640px\" \/><\/figure>\n\n\n\n<p class=\"has-black-color has-text-color has-link-color wp-elements-c97af1cd2366d49eb2ffb86ce2c26273\">En tanto, Rodr\u00edguez destac\u00f3 que \u201cBuenos Aires es la primera provincia en contar con un plan integral de promoci\u00f3n de la agroecolog\u00eda, porque entendemos que no podemos pensar en producir si no pensamos a la vez en garantizar la sustentabilidad.\u201d \u201cHoy contamos con incentivos para la implementaci\u00f3n de buenas pr\u00e1cticas agr\u00edcolas, l\u00edneas de financiamiento para acompa\u00f1ar a productores  que quieran realizar la transici\u00f3n a la agroecolog\u00eda; y llevamos adelante investigaciones y ensayos en nuestras Chacras Experimentales para avanzar hacia una producci\u00f3n cada vez m\u00e1s sustentable\u201d, se\u00f1al\u00f3.<\/p>\n\n\n\n<p class=\"has-black-color has-text-color has-link-color wp-elements-cfeeeae8a0198a5d4688469523725e35\">\u00abEste congreso parte del nuevo paradigma de producir alimentos de calidad, de reducir el impacto sobre el ambiente y de lograr que las sociedades se alimenten de una manera m\u00e1s sana y sostenible\u201d, afirm\u00f3 Boto y remarc\u00f3: \u201cEste encuentro se logr\u00f3 realizar, como tantas otras cosas en el municipio, gracias al apoyo continuo que tenemos de parte de la Provincia\u201d.<\/p>\n\n\n\n<p class=\"has-black-color has-text-color has-link-color wp-elements-b417ff35cfe4d054e509976ed6661113\">Durante dos jornadas se desarrollaron mesas de debate, intercambios de experiencias y presentaciones de proyectos agroecol\u00f3gicos con ejes en temas vinculados a los sistemas productivos, comercializaci\u00f3n y agregado de valor, acceso a la tierra, h\u00e1bitat y ambiente, entre otros.<\/p>\n\n\n\n<p class=\"has-black-color has-text-color has-link-color wp-elements-da3093b7e6b5db6a85cb1a29a4b5f681\">\u201cEstamos en un encuentro muy importante que nuclea espacios de di\u00e1logo respecto de la calidad de los alimentos, de las producciones amigables con el ambiente y de la ecolog\u00eda, todos pilares fundamentales para nuestra universidad\u201d, sostuvo el rector Panessi y a\u00f1adi\u00f3: \u201cEste momento tan complejo para la educaci\u00f3n p\u00fablica lo podemos enfrentar gracias a una provincia que, por primera vez, comprende que las universidades p\u00fablicas tenemos un papel estrat\u00e9gico\u201d.<\/p>\n\n\n\n<p class=\"has-black-color has-text-color has-link-color wp-elements-9e51d4907dfa2569cf96841d76a225d8\">Participaron la jefa de Gabinete del Ministerio de Desarrollo Agrario, Viviana Di Marzio; la subsecretaria de Agricultura, Ganader\u00eda y Pesca, Carla Seain; y su par de Desarrollo Agrario y Calidad Agroalimentaria, Cristian Amarilla; la vicerrectora de la UNLu, Mar\u00eda Ester Leguizam\u00f3n; autoridades provinciales y funcionarios locales.<\/p>\n\n\n\n<p><\/p>\n","protected":false},"excerpt":{"rendered":"<p>El gobernador de la provincia de Buenos Aires, Axel Kicillof, encabez\u00f3 este viernes en Lujan, la apertura del primer Congreso Provincial de Agroecolog\u00eda, con la participaci\u00f3n de diferentes referentes productivos, instituciones y organizaciones del sector. Fue en la Universidad Nacional de Luj\u00e1n (UNLu), junto al ministro de Desarrollo Agrario, Javier Rodriguez; el intendente local, Leonardo [&hellip;]<\/p>\n","protected":false},"author":2,"featured_media":10965,"comment_status":"open","ping_status":"open","sticky":false,"template":"","format":"standard","meta":{"footnotes":"","jetpack_publicize_message":"","jetpack_publicize_feature_enabled":true,"jetpack_social_post_already_shared":true,"jetpack_social_options":{"image_generator_settings":{"template":"highway","default_image_id":0,"font":"","enabled":false},"version":2}},"categories":[35,4,11,31,6,29],"tags":[],"class_list":["post-10964","post","type-post","status-publish","format-standard","has-post-thumbnail","hentry","category-comunicacion","category-gastronomia","category-gobierno-provincial","category-importantes","category-interes-general","category-politica-estado"],"jetpack_publicize_connections":[],"jetpack_featured_media_url":"https:\/\/i0.wp.com\/www.labrujulaweb.com.ar\/blog\/wp-content\/uploads\/2024\/11\/KICILLOF-VALIDA-PORTA.jpg?fit=750%2C500&ssl=1","jetpack_sharing_enabled":true,"_links":{"self":[{"href":"https:\/\/www.labrujulaweb.com.ar\/blog\/wp-json\/wp\/v2\/posts\/10964","targetHints":{"allow":["GET"]}}],"collection":[{"href":"https:\/\/www.labrujulaweb.com.ar\/blog\/wp-json\/wp\/v2\/posts"}],"about":[{"href":"https:\/\/www.labrujulaweb.com.ar\/blog\/wp-json\/wp\/v2\/types\/post"}],"author":[{"embeddable":true,"href":"https:\/\/www.labrujulaweb.com.ar\/blog\/wp-json\/wp\/v2\/users\/2"}],"replies":[{"embeddable":true,"href":"https:\/\/www.labrujulaweb.com.ar\/blog\/wp-json\/wp\/v2\/comments?post=10964"}],"version-history":[{"count":1,"href":"https:\/\/www.labrujulaweb.com.ar\/blog\/wp-json\/wp\/v2\/posts\/10964\/revisions"}],"predecessor-version":[{"id":10967,"href":"https:\/\/www.labrujulaweb.com.ar\/blog\/wp-json\/wp\/v2\/posts\/10964\/revisions\/10967"}],"wp:featuredmedia":[{"embeddable":true,"href":"https:\/\/www.labrujulaweb.com.ar\/blog\/wp-json\/wp\/v2\/media\/10965"}],"wp:attachment":[{"href":"https:\/\/www.labrujulaweb.com.ar\/blog\/wp-json\/wp\/v2\/media?parent=10964"}],"wp:term":[{"taxonomy":"category","embeddable":true,"href":"https:\/\/www.labrujulaweb.com.ar\/blog\/wp-json\/wp\/v2\/categories?post=10964"},{"taxonomy":"post_tag","embeddable":true,"href":"https:\/\/www.labrujulaweb.com.ar\/blog\/wp-json\/wp\/v2\/tags?post=10964"}],"curies":[{"name":"wp","href":"https:\/\/api.w.org\/{rel}","templated":true}]}}