{"id":11046,"date":"2024-11-22T10:18:14","date_gmt":"2024-11-22T13:18:14","guid":{"rendered":"https:\/\/www.labrujulaweb.com.ar\/blog\/?p=11046"},"modified":"2024-11-23T08:33:53","modified_gmt":"2024-11-23T11:33:53","slug":"ameghino-nueva-herramienta-para-el-parque-automotor-municipal","status":"publish","type":"post","link":"https:\/\/www.labrujulaweb.com.ar\/blog\/interes-general\/ameghino-nueva-herramienta-para-el-parque-automotor-municipal\/","title":{"rendered":"Ameghino: Nueva herramienta para el parque automotor municipal."},"content":{"rendered":"\n<p class=\"has-black-color has-text-color has-link-color wp-elements-d1d4d66de3da90d944c93e2cb4437038\"><strong><em>La municipalidad de Ameghino adquiri\u00f3 una motoniveladora marca Sany, modelo STG190C-85, La m\u00e1quina, adquirida a trav\u00e9s de la empresa Gr\u00faas San Blas S.A., tuvo un monto de inversi\u00f3n de 206 millones de pesos. <\/em><\/strong><\/p>\n\n\n\n<p class=\"has-black-color has-text-color has-link-color wp-elements-8dedcceb30ea54917a1aeb92814ba4fd\">\u00abEsta maquinaria no solo mejorar\u00e1 las calles de nuestra ciudad, sino tambi\u00e9n los caminos rurales, beneficiando directamente a nuestros productores y vecinos\u00bb -se\u00f1al\u00f3 el intendente Mitellbach-<\/p>\n\n\n\n<p class=\"has-black-color has-text-color has-link-color wp-elements-a676564b344b42c8577a7e893c5f5810\">La motoniveladora no solo ser\u00e1 utilizada en la ciudad, sino que tambi\u00e9n para el mantenimiento y mejoramiento de la red vial rural, una necesidad clave en nuestro distrito, donde las condiciones de los caminos son esenciales para la conectividad y el desarrollo productivo &#8211; agreg\u00f3-<\/p>\n\n\n\n<p><\/p>\n","protected":false},"excerpt":{"rendered":"<p>La municipalidad de Ameghino adquiri\u00f3 una motoniveladora marca Sany, modelo STG190C-85, La m\u00e1quina, adquirida a trav\u00e9s de la empresa Gr\u00faas San Blas S.A., tuvo un monto de inversi\u00f3n de 206 millones de pesos. \u00abEsta maquinaria no solo mejorar\u00e1 las calles de nuestra ciudad, sino tambi\u00e9n los caminos rurales, beneficiando directamente a nuestros productores y vecinos\u00bb [&hellip;]<\/p>\n","protected":false},"author":2,"featured_media":11047,"comment_status":"open","ping_status":"open","sticky":false,"template":"","format":"standard","meta":{"footnotes":"","jetpack_publicize_message":"","jetpack_publicize_feature_enabled":true,"jetpack_social_post_already_shared":false,"jetpack_social_options":{"image_generator_settings":{"template":"highway","default_image_id":0,"font":"","enabled":false},"version":2}},"categories":[24,31,6,9,33],"tags":[],"class_list":["post-11046","post","type-post","status-publish","format-standard","has-post-thumbnail","hentry","category-florentino-ameghino","category-importantes","category-interes-general","category-municipios","category-rural"],"jetpack_publicize_connections":[],"jetpack_featured_media_url":"https:\/\/i0.wp.com\/www.labrujulaweb.com.ar\/blog\/wp-content\/uploads\/2024\/11\/MOTONIVELAD-VALIDA.jpg?fit=667%2C500&ssl=1","jetpack_sharing_enabled":true,"_links":{"self":[{"href":"https:\/\/www.labrujulaweb.com.ar\/blog\/wp-json\/wp\/v2\/posts\/11046","targetHints":{"allow":["GET"]}}],"collection":[{"href":"https:\/\/www.labrujulaweb.com.ar\/blog\/wp-json\/wp\/v2\/posts"}],"about":[{"href":"https:\/\/www.labrujulaweb.com.ar\/blog\/wp-json\/wp\/v2\/types\/post"}],"author":[{"embeddable":true,"href":"https:\/\/www.labrujulaweb.com.ar\/blog\/wp-json\/wp\/v2\/users\/2"}],"replies":[{"embeddable":true,"href":"https:\/\/www.labrujulaweb.com.ar\/blog\/wp-json\/wp\/v2\/comments?post=11046"}],"version-history":[{"count":1,"href":"https:\/\/www.labrujulaweb.com.ar\/blog\/wp-json\/wp\/v2\/posts\/11046\/revisions"}],"predecessor-version":[{"id":11048,"href":"https:\/\/www.labrujulaweb.com.ar\/blog\/wp-json\/wp\/v2\/posts\/11046\/revisions\/11048"}],"wp:featuredmedia":[{"embeddable":true,"href":"https:\/\/www.labrujulaweb.com.ar\/blog\/wp-json\/wp\/v2\/media\/11047"}],"wp:attachment":[{"href":"https:\/\/www.labrujulaweb.com.ar\/blog\/wp-json\/wp\/v2\/media?parent=11046"}],"wp:term":[{"taxonomy":"category","embeddable":true,"href":"https:\/\/www.labrujulaweb.com.ar\/blog\/wp-json\/wp\/v2\/categories?post=11046"},{"taxonomy":"post_tag","embeddable":true,"href":"https:\/\/www.labrujulaweb.com.ar\/blog\/wp-json\/wp\/v2\/tags?post=11046"}],"curies":[{"name":"wp","href":"https:\/\/api.w.org\/{rel}","templated":true}]}}