{"id":11150,"date":"2024-12-13T15:40:57","date_gmt":"2024-12-13T18:40:57","guid":{"rendered":"https:\/\/www.labrujulaweb.com.ar\/blog\/?p=11150"},"modified":"2024-12-16T23:02:50","modified_gmt":"2024-12-17T02:02:50","slug":"zonal-arranca-la-temporada-de-verano-en-los-municipios-de-villegas-tejedor-y-ameghino","status":"publish","type":"post","link":"https:\/\/www.labrujulaweb.com.ar\/blog\/interes-general\/zonal-arranca-la-temporada-de-verano-en-los-municipios-de-villegas-tejedor-y-ameghino\/","title":{"rendered":"Zonal: Arranca la temporada de verano en los municipios de Villegas y Ameghino."},"content":{"rendered":"\n<p><strong><em>Desde los municipios de  Gral. Villegas y F. Ameghino informaron que arrancan la temporada de verano en los natatorios municipales<\/em><\/strong> <strong><em>con sus respectivas actividades.<\/em><\/strong><\/p>\n\n\n\n<p class=\"has-black-color has-text-color has-link-color wp-elements-6dd4a7fc90abff991bc965fd40d5266d\">En referencia a la importancia que supone la apertura de estos espacios recreativos, tanto para los vecinos como visitantes, las direcciones de deportes de cada municipio, dan a conocer que en breve estar\u00e1n en funcionamiento para acceder a los mismos e invitar a presenciar el lanzamiento. <\/p>\n\n\n\n<p class=\"has-black-color has-text-color has-link-color wp-elements-1a44c692902e04c08dfeae68657da6db\"><strong> Gral. Villegas<\/strong> anunci\u00f3 que la apertura oficial en el balneario Aldo Rodrigues Orozco ubicado en el parque Jos\u00e9 de San Mart\u00edn ser\u00e1 el pr\u00f3ximo <strong>S\u00e1bado 21 de Diciembre a las 10,30hs.<\/strong> Los asistentes podr\u00e1n acceder a:<\/p>\n\n\n\n<p class=\"has-black-color has-text-color has-link-color wp-elements-e9a61f06ef880888e731375a7da5ceb4\">Pileta especialmente dise\u00f1ada para garantizar la diversi\u00f3n y seguridad de personas de todas las edades.<br>Amplios espacios verdes, ideales para el esparcimiento, el descanso y el disfrute del entorno natural.<br>Diversas actividades recreativas y deportivas, pensadas para brindar entretenimiento y bienestar a toda la familia.&nbsp;<\/p>\n\n\n\n<p class=\"has-black-color has-text-color has-link-color wp-elements-5f62142870977e5a75acfb46d056f774\">En tanto en<strong> F. Ameghino,<\/strong> la apertura del natatorio del Parque Municipal ser\u00e1 el <strong>S\u00e1bado 21 de Diciembre, <\/strong>a partir de las 14 horas, bajo el eslogan \u201cDiversi\u00f3n sin l\u00edmites\u201d. La pileta abrir\u00e1 todos los viernes, s\u00e1bados y domingos, de 14 a 20 horas. En diciembre, el valor del ingreso, por d\u00eda ser\u00e1 de $100 para menores y $200 para mayores con carnet de revisi\u00f3n m\u00e9dica habilitante.<\/p>\n\n\n\n<p class=\"has-black-color has-text-color has-link-color wp-elements-6e3f8d4ae6db2f06b2d0feeb913616a3\"><strong>Actividades dentro del agua<\/strong><\/p>\n\n\n\n<p class=\"has-black-color has-text-color has-link-color wp-elements-7ba2fc047950df3a88bffbd89bfe74a6\">-Actividades para personas con discapacidad: Lunes y mi\u00e9rcoles de 15 a 16 hs.<br>-Zumba: Lunes y mi\u00e9rcoles de 16 a 17 hs.<br>-Nataci\u00f3n: Lunes y mi\u00e9rcoles de 17 a 18 hs.<br>-Aquagym: Martes y jueves de 15 hs a 16 hs.<br>-Colonia para adultos mayores: Lunes y mi\u00e9rcoles de 18 a 20 hs.<\/p>\n\n\n\n<p class=\"has-black-color has-text-color has-link-color wp-elements-e2abaf01a27aad37d6fac6a1d3072dd3\"><strong>Actividades fuera del agua<\/strong><\/p>\n\n\n\n<p class=\"has-black-color has-text-color has-link-color wp-elements-93fa37268eea6337e08da784b8c6aa6a\">-Beach V\u00f3ley: Viernes a las 19 hs. (A partir de los 14 a\u00f1os de edad).<br>-Mountain Bike: S\u00e1bados desde las 18.30 hs.<br>-Torneo de Beach V\u00f3ley: 11 y 12 de enero a las 9 hs.<br>-Torneo de f\u00fatbol playa femenino y masculino: Se anunciar\u00e1 pr\u00f3ximamente la fecha y hora.<\/p>\n\n\n\n<p class=\"has-black-color has-text-color has-link-color wp-elements-e1eac3b55e97a6bdbf3ce2e5d27a4195\"><strong>Revisi\u00f3n m\u00e9dica<\/strong>: D\u00edas y horarios de atenci\u00f3n en el hospital municipal por orden de llegada:<\/p>\n\n\n\n<p class=\"has-black-color has-text-color has-link-color wp-elements-515fce5d84a1a45412eafcec253eda92\">-Lunes a viernes: de 7 a 8.30 hs. &#8211; Dra. Lucero.<br>-Lunes: 10 hs. &#8211; Dra. Ar\u00e9valo.<br>-Martes: 9 hs. Dr. Polanco | 14.30 hs. Dr. Garc\u00eda. | 15 hs. Dr. Polanco.<br>-Mi\u00e9rcoles: 8.30 hs. &#8211; Dr. Garc\u00eda.<br>-Jueves: 8 hs. Dra. Fauez | 14 hs. Dr. Reynoso. | 14.30 hs. Dr. Garc\u00eda.<\/p>\n\n\n\n<p><\/p>\n","protected":false},"excerpt":{"rendered":"<p>Desde los municipios de Gral. Villegas y F. Ameghino informaron que arrancan la temporada de verano en los natatorios municipales con sus respectivas actividades. En referencia a la importancia que supone la apertura de estos espacios recreativos, tanto para los vecinos como visitantes, las direcciones de deportes de cada municipio, dan a conocer que en [&hellip;]<\/p>\n","protected":false},"author":2,"featured_media":11151,"comment_status":"open","ping_status":"open","sticky":false,"template":"","format":"standard","meta":{"footnotes":"","jetpack_publicize_message":"","jetpack_publicize_feature_enabled":true,"jetpack_social_post_already_shared":true,"jetpack_social_options":{"image_generator_settings":{"template":"highway","default_image_id":0,"font":"","enabled":false},"version":2}},"categories":[26,8,24,25,31,6,9,37],"tags":[],"class_list":["post-11150","post","type-post","status-publish","format-standard","has-post-thumbnail","hentry","category-carlos-tejedor","category-deportes","category-florentino-ameghino","category-general-villegas","category-importantes","category-interes-general","category-municipios","category-sociedad"],"jetpack_publicize_connections":[],"jetpack_featured_media_url":"https:\/\/i0.wp.com\/www.labrujulaweb.com.ar\/blog\/wp-content\/uploads\/2024\/12\/PILETA-VALIDA.jpg?fit=691%2C500&ssl=1","jetpack_sharing_enabled":true,"_links":{"self":[{"href":"https:\/\/www.labrujulaweb.com.ar\/blog\/wp-json\/wp\/v2\/posts\/11150","targetHints":{"allow":["GET"]}}],"collection":[{"href":"https:\/\/www.labrujulaweb.com.ar\/blog\/wp-json\/wp\/v2\/posts"}],"about":[{"href":"https:\/\/www.labrujulaweb.com.ar\/blog\/wp-json\/wp\/v2\/types\/post"}],"author":[{"embeddable":true,"href":"https:\/\/www.labrujulaweb.com.ar\/blog\/wp-json\/wp\/v2\/users\/2"}],"replies":[{"embeddable":true,"href":"https:\/\/www.labrujulaweb.com.ar\/blog\/wp-json\/wp\/v2\/comments?post=11150"}],"version-history":[{"count":2,"href":"https:\/\/www.labrujulaweb.com.ar\/blog\/wp-json\/wp\/v2\/posts\/11150\/revisions"}],"predecessor-version":[{"id":11157,"href":"https:\/\/www.labrujulaweb.com.ar\/blog\/wp-json\/wp\/v2\/posts\/11150\/revisions\/11157"}],"wp:featuredmedia":[{"embeddable":true,"href":"https:\/\/www.labrujulaweb.com.ar\/blog\/wp-json\/wp\/v2\/media\/11151"}],"wp:attachment":[{"href":"https:\/\/www.labrujulaweb.com.ar\/blog\/wp-json\/wp\/v2\/media?parent=11150"}],"wp:term":[{"taxonomy":"category","embeddable":true,"href":"https:\/\/www.labrujulaweb.com.ar\/blog\/wp-json\/wp\/v2\/categories?post=11150"},{"taxonomy":"post_tag","embeddable":true,"href":"https:\/\/www.labrujulaweb.com.ar\/blog\/wp-json\/wp\/v2\/tags?post=11150"}],"curies":[{"name":"wp","href":"https:\/\/api.w.org\/{rel}","templated":true}]}}