{"id":11241,"date":"2024-12-30T09:43:05","date_gmt":"2024-12-30T12:43:05","guid":{"rendered":"https:\/\/www.labrujulaweb.com.ar\/blog\/?p=11241"},"modified":"2025-01-03T11:08:21","modified_gmt":"2025-01-03T14:08:21","slug":"problemas-financieros-en-el-agro-para-el-gobierno-no-se-deben-a-una-crisis-del-sector-sino-a-malas-decisiones-de-las-empresas","status":"publish","type":"post","link":"https:\/\/www.labrujulaweb.com.ar\/blog\/politica-estado\/gobierno\/problemas-financieros-en-el-agro-para-el-gobierno-no-se-deben-a-una-crisis-del-sector-sino-a-malas-decisiones-de-las-empresas\/","title":{"rendered":"Problemas financieros en el agro: para el Gobierno no se deben a una crisis del sector sino a \u201cmalas decisiones\u201d de las empresas"},"content":{"rendered":"\n<p class=\"has-black-color has-text-color has-link-color wp-elements-1b83c7c4e5888eaa5c8b829ac91540e4\"><strong><em>Algunas firmas no pueden afrontar sus deudas y encendieron alertas. Advertencias por la rentabilidad del sector y el peso de los impuestos y las respuestas oficiales<\/em><\/strong><\/p>\n\n\n\n<p class=\"has-black-color has-text-color has-link-color wp-elements-68ec27cff92083a7490a57501baac71c\">El anuncio de dos empresas del\u00a0<strong>sector agropecuario<\/strong>\u00a0de que no podr\u00edan hacer frente a pagar\u00e9s en d\u00f3lares comprometidos ante sus acreedores encendieron\u00a0<strong>alarmas en el agro,<\/strong>\u00a0en un contexto de tipo de cambio bajo, precios internacionales en declive y la vigencia de derechos de exportaci\u00f3n, todos elementos que inciden en la rentabilidad.<\/p>\n\n\n\n<p class=\"has-black-color has-text-color has-link-color wp-elements-293ad859951913e9d52b188aa187b5c6\">En el Gobierno creen que no hay un problema sectorial sino que se trata de\u00a0<strong>\u201cmalas decisiones\u201d<\/strong>\u00a0financieras de las empresas involucradas y que la persistencia de las retenciones no explica los problemas que surjan en la cadena de pagos en el campo.<\/p>\n\n\n\n<p class=\"has-black-color has-text-color has-link-color wp-elements-5e18225db5302975ea1a0c565193ada2\">Dos<a href=\"https:\/\/www.infobae.com\/economia\/2024\/12\/28\/los-problemas-financieros-de-un-importante-grupo-del-agro-ponen-en-primer-plano-el-reclamo-por-la-baja-de-retenciones\/\" target=\"_blank\" rel=\"noreferrer noopener\">\u00a0empresas del grupo<\/a>\u00a0<strong>Los Grobo <\/strong>(Agrofina y Los Grobo Agropecuaria) anunciaron ante la Comisi\u00f3n Nacional de Valores (CNV) que por cuestiones de iliquidez temporal no podr\u00e1n afrontar pagar\u00e9s burs\u00e1tiles -una herramienta similar a las obligaciones negociables- por un monto que ascender\u00e1 a los\u00a0<strong>10 millones de d\u00f3lares<\/strong>\u00a0hasta marzo de 2025. Antes de esas dos compa\u00f1\u00edas, <strong>Red Surcos<\/strong>, otra \u201cinsumera\u201d del sector tambi\u00e9n anunci\u00f3 que no podr\u00e1 pagar su deuda.<\/p>\n\n\n\n<p class=\"has-black-color has-text-color has-link-color wp-elements-66108d762145c8002a627e452f14bb0b\">\u201cEn el marco de un mercado con una\u00a0<strong>retracci\u00f3n desafiante<\/strong>, estamos transcurriendo una situaci\u00f3n de iliquidez transitoria que impacta en el pago de los pagar\u00e9s burs\u00e1tiles emitidos para las empresas que componen el Grupo. Estamos trabajando para resolver una situaci\u00f3n de iliquidez temporal y para ello se est\u00e1n analizando todas las alternativas que permitan hacer frente a las obligaciones financieras, priorizando nuestro compromiso con productores, proveedores, colaboradores y clientes\u201d, comunicaron desde Los Grobo, una empresa que est\u00e1 bajo control mayoritario de Victoria Capital Partners.<\/p>\n","protected":false},"excerpt":{"rendered":"<p>Algunas firmas no pueden afrontar sus deudas y encendieron alertas. Advertencias por la rentabilidad del sector y el peso de los impuestos y las respuestas oficiales El anuncio de dos empresas del\u00a0sector agropecuario\u00a0de que no podr\u00edan hacer frente a pagar\u00e9s en d\u00f3lares comprometidos ante sus acreedores encendieron\u00a0alarmas en el agro,\u00a0en un contexto de tipo de [&hellip;]<\/p>\n","protected":false},"author":2,"featured_media":11242,"comment_status":"open","ping_status":"open","sticky":false,"template":"","format":"standard","meta":{"footnotes":"","jetpack_publicize_message":"","jetpack_publicize_feature_enabled":true,"jetpack_social_post_already_shared":true,"jetpack_social_options":{"image_generator_settings":{"template":"highway","default_image_id":0,"font":"","enabled":false},"version":2}},"categories":[32,10,31,29,33],"tags":[],"class_list":["post-11241","post","type-post","status-publish","format-standard","has-post-thumbnail","hentry","category-agro-negocios","category-gobierno","category-importantes","category-politica-estado","category-rural"],"jetpack_publicize_connections":[],"jetpack_featured_media_url":"https:\/\/i0.wp.com\/www.labrujulaweb.com.ar\/blog\/wp-content\/uploads\/2024\/12\/RURAL-VALIDA.jpg?fit=739%2C500&ssl=1","jetpack_sharing_enabled":true,"_links":{"self":[{"href":"https:\/\/www.labrujulaweb.com.ar\/blog\/wp-json\/wp\/v2\/posts\/11241","targetHints":{"allow":["GET"]}}],"collection":[{"href":"https:\/\/www.labrujulaweb.com.ar\/blog\/wp-json\/wp\/v2\/posts"}],"about":[{"href":"https:\/\/www.labrujulaweb.com.ar\/blog\/wp-json\/wp\/v2\/types\/post"}],"author":[{"embeddable":true,"href":"https:\/\/www.labrujulaweb.com.ar\/blog\/wp-json\/wp\/v2\/users\/2"}],"replies":[{"embeddable":true,"href":"https:\/\/www.labrujulaweb.com.ar\/blog\/wp-json\/wp\/v2\/comments?post=11241"}],"version-history":[{"count":1,"href":"https:\/\/www.labrujulaweb.com.ar\/blog\/wp-json\/wp\/v2\/posts\/11241\/revisions"}],"predecessor-version":[{"id":11243,"href":"https:\/\/www.labrujulaweb.com.ar\/blog\/wp-json\/wp\/v2\/posts\/11241\/revisions\/11243"}],"wp:featuredmedia":[{"embeddable":true,"href":"https:\/\/www.labrujulaweb.com.ar\/blog\/wp-json\/wp\/v2\/media\/11242"}],"wp:attachment":[{"href":"https:\/\/www.labrujulaweb.com.ar\/blog\/wp-json\/wp\/v2\/media?parent=11241"}],"wp:term":[{"taxonomy":"category","embeddable":true,"href":"https:\/\/www.labrujulaweb.com.ar\/blog\/wp-json\/wp\/v2\/categories?post=11241"},{"taxonomy":"post_tag","embeddable":true,"href":"https:\/\/www.labrujulaweb.com.ar\/blog\/wp-json\/wp\/v2\/tags?post=11241"}],"curies":[{"name":"wp","href":"https:\/\/api.w.org\/{rel}","templated":true}]}}