{"id":11290,"date":"2025-01-09T12:10:38","date_gmt":"2025-01-09T15:10:38","guid":{"rendered":"https:\/\/www.labrujulaweb.com.ar\/blog\/?p=11290"},"modified":"2025-01-13T14:09:59","modified_gmt":"2025-01-13T17:09:59","slug":"mercados-bonaerenses-el-distrito-de-tejedor-recibe-los-camiones-de-pastas-y-lacteos-esta-semana","status":"publish","type":"post","link":"https:\/\/www.labrujulaweb.com.ar\/blog\/gastronomia\/mercados-bonaerenses-el-distrito-de-tejedor-recibe-los-camiones-de-pastas-y-lacteos-esta-semana\/","title":{"rendered":"\u00abMercados Bonaerenses\u00bb El distrito de Tejedor recibe los camiones de pastas y l\u00e1cteos esta semana."},"content":{"rendered":"\n<p class=\"has-black-color has-text-color has-link-color wp-elements-1c8e54a8abdf291f7d7bafbcc93a47e5\"><strong><em>Mercados Bonaerenses es el programa del Ministerio de Desarrollo Agrario de la Provincia que promociona la producci\u00f3n y el consumo de Alimentos acercando a consumidores la posibilidad de adquirirlos a menor costo en toda la provincia de Buenos Aires.<\/em><\/strong><\/p>\n\n\n\n<p class=\"has-black-color has-text-color has-link-color wp-elements-adf5d05246956f15d0897d0d555e6798\">Estos <strong>mercados itinerantes<\/strong> vienen recorriendo diferentes distritos bonaerenses que se adhirieron al programa, al menos una vez al mes. Hay siete mercados fijos que funcionan en la provincia y m\u00e1s de 600 ferias mensuales donde se pueden comprar alimentos frescos con 40% de descuento,con la billetera digital de Banco Provincia.<\/p>\n\n\n\n<p class=\"has-black-color has-text-color has-link-color wp-elements-a5d1878661815e92d95da3231b17c740\">Los camiones con <strong>L\u00e1cteos y Pastas<\/strong> estar\u00e1n esta semana distribuidos en diferentes pueblos del distrito de Carlos Tejedor.<\/p>\n\n\n\n<p class=\"has-black-color has-text-color has-link-color wp-elements-7362f8c6b2aaa4e9449f76f24ac9ee40\">Este Jueves 9\/01 en <strong>Tres Algarrobos,<\/strong> frente a la delegaci\u00f3n y <strong>Curar\u00fa,<\/strong> en la Plaza central y el Viernes 10 en<strong> Carlos Tejedor<\/strong> de 10 a 16hs.<\/p>\n\n\n\n<p class=\"has-black-color has-text-color has-link-color wp-elements-1a0d59bf5839c6b147c7a610e6025fa2\">Los rubros y alimentos que se comercializan en el interior bonaerense son:<\/p>\n\n\n\n<p class=\"has-black-color has-text-color has-link-color wp-elements-e68da833668e0e4097bfdc5005200ba4\">Lacteos-Pastas y Pescados- en distritos del gran Buenos Aires se ampl\u00eda a: <strong>Frutas de estaci\u00f3n, Verduras agroecol\u00f3gicas, Panificados, Mermeladas, Salsas, Frutos secos, Huevos, , Miel, etc.<\/strong><\/p>\n\n\n\n<figure class=\"wp-block-gallery has-nested-images columns-default is-cropped wp-block-gallery-1 is-layout-flex wp-block-gallery-is-layout-flex\">\n<figure class=\"wp-block-image size-large\"><img data-recalc-dims=\"1\" loading=\"lazy\" decoding=\"async\" width=\"500\" height=\"500\" data-id=\"11292\" src=\"https:\/\/i0.wp.com\/www.labrujulaweb.com.ar\/blog\/wp-content\/uploads\/2025\/01\/LACTEOS-2-VALIDO.jpg?resize=500%2C500&#038;ssl=1\" alt=\"\" class=\"wp-image-11292\" srcset=\"https:\/\/i0.wp.com\/www.labrujulaweb.com.ar\/blog\/wp-content\/uploads\/2025\/01\/LACTEOS-2-VALIDO.jpg?w=500&amp;ssl=1 500w, https:\/\/i0.wp.com\/www.labrujulaweb.com.ar\/blog\/wp-content\/uploads\/2025\/01\/LACTEOS-2-VALIDO.jpg?resize=300%2C300&amp;ssl=1 300w, https:\/\/i0.wp.com\/www.labrujulaweb.com.ar\/blog\/wp-content\/uploads\/2025\/01\/LACTEOS-2-VALIDO.jpg?resize=150%2C150&amp;ssl=1 150w\" sizes=\"auto, (max-width: 500px) 100vw, 500px\" \/><\/figure>\n\n\n\n<figure class=\"wp-block-image size-large\"><img data-recalc-dims=\"1\" loading=\"lazy\" decoding=\"async\" width=\"500\" height=\"500\" data-id=\"11293\" src=\"https:\/\/i0.wp.com\/www.labrujulaweb.com.ar\/blog\/wp-content\/uploads\/2025\/01\/TRES-ALGARROBOS-VALIDO.jpg?resize=500%2C500&#038;ssl=1\" alt=\"\" class=\"wp-image-11293\" srcset=\"https:\/\/i0.wp.com\/www.labrujulaweb.com.ar\/blog\/wp-content\/uploads\/2025\/01\/TRES-ALGARROBOS-VALIDO.jpg?w=500&amp;ssl=1 500w, https:\/\/i0.wp.com\/www.labrujulaweb.com.ar\/blog\/wp-content\/uploads\/2025\/01\/TRES-ALGARROBOS-VALIDO.jpg?resize=300%2C300&amp;ssl=1 300w, https:\/\/i0.wp.com\/www.labrujulaweb.com.ar\/blog\/wp-content\/uploads\/2025\/01\/TRES-ALGARROBOS-VALIDO.jpg?resize=150%2C150&amp;ssl=1 150w\" sizes=\"auto, (max-width: 500px) 100vw, 500px\" \/><\/figure>\n<\/figure>\n","protected":false},"excerpt":{"rendered":"<p>Mercados Bonaerenses es el programa del Ministerio de Desarrollo Agrario de la Provincia que promociona la producci\u00f3n y el consumo de Alimentos acercando a consumidores la posibilidad de adquirirlos a menor costo en toda la provincia de Buenos Aires. Estos mercados itinerantes vienen recorriendo diferentes distritos bonaerenses que se adhirieron al programa, al menos una [&hellip;]<\/p>\n","protected":false},"author":2,"featured_media":11291,"comment_status":"open","ping_status":"open","sticky":false,"template":"","format":"standard","meta":{"footnotes":"","jetpack_publicize_message":"","jetpack_publicize_feature_enabled":true,"jetpack_social_post_already_shared":true,"jetpack_social_options":{"image_generator_settings":{"template":"highway","default_image_id":0,"font":"","enabled":false},"version":2}},"categories":[26,4,11,31,6,9,29,37],"tags":[],"class_list":["post-11290","post","type-post","status-publish","format-standard","has-post-thumbnail","hentry","category-carlos-tejedor","category-gastronomia","category-gobierno-provincial","category-importantes","category-interes-general","category-municipios","category-politica-estado","category-sociedad"],"jetpack_publicize_connections":[],"jetpack_featured_media_url":"https:\/\/i0.wp.com\/www.labrujulaweb.com.ar\/blog\/wp-content\/uploads\/2025\/01\/LACTEOS-VALIDO.jpg?fit=667%2C500&ssl=1","jetpack_sharing_enabled":true,"_links":{"self":[{"href":"https:\/\/www.labrujulaweb.com.ar\/blog\/wp-json\/wp\/v2\/posts\/11290","targetHints":{"allow":["GET"]}}],"collection":[{"href":"https:\/\/www.labrujulaweb.com.ar\/blog\/wp-json\/wp\/v2\/posts"}],"about":[{"href":"https:\/\/www.labrujulaweb.com.ar\/blog\/wp-json\/wp\/v2\/types\/post"}],"author":[{"embeddable":true,"href":"https:\/\/www.labrujulaweb.com.ar\/blog\/wp-json\/wp\/v2\/users\/2"}],"replies":[{"embeddable":true,"href":"https:\/\/www.labrujulaweb.com.ar\/blog\/wp-json\/wp\/v2\/comments?post=11290"}],"version-history":[{"count":2,"href":"https:\/\/www.labrujulaweb.com.ar\/blog\/wp-json\/wp\/v2\/posts\/11290\/revisions"}],"predecessor-version":[{"id":11296,"href":"https:\/\/www.labrujulaweb.com.ar\/blog\/wp-json\/wp\/v2\/posts\/11290\/revisions\/11296"}],"wp:featuredmedia":[{"embeddable":true,"href":"https:\/\/www.labrujulaweb.com.ar\/blog\/wp-json\/wp\/v2\/media\/11291"}],"wp:attachment":[{"href":"https:\/\/www.labrujulaweb.com.ar\/blog\/wp-json\/wp\/v2\/media?parent=11290"}],"wp:term":[{"taxonomy":"category","embeddable":true,"href":"https:\/\/www.labrujulaweb.com.ar\/blog\/wp-json\/wp\/v2\/categories?post=11290"},{"taxonomy":"post_tag","embeddable":true,"href":"https:\/\/www.labrujulaweb.com.ar\/blog\/wp-json\/wp\/v2\/tags?post=11290"}],"curies":[{"name":"wp","href":"https:\/\/api.w.org\/{rel}","templated":true}]}}