{"id":11307,"date":"2025-01-11T01:45:45","date_gmt":"2025-01-11T04:45:45","guid":{"rendered":"https:\/\/www.labrujulaweb.com.ar\/blog\/?p=11307"},"modified":"2025-01-16T22:03:37","modified_gmt":"2025-01-17T01:03:37","slug":"incendio-de-un-camion-en-ruta-188-km-301a-la-altura-de-ameghino","status":"publish","type":"post","link":"https:\/\/www.labrujulaweb.com.ar\/blog\/interes-general\/incendio-de-un-camion-en-ruta-188-km-301a-la-altura-de-ameghino\/","title":{"rendered":"Incendio de un camion en Ruta 188 Km 301a la altura de Ameghino."},"content":{"rendered":"\n<p class=\"has-black-color has-text-color has-link-color wp-elements-05a4fec822cf3ad6488c80016c506f64\"><strong><em>A la medianoche de este Viernes se incendi\u00f3 un camion Fiat Iveco a la altura del Km 301 de Ruta Nacional 188 donde estaba el peaje y ahora se encuentra una balanza de Vialidad Nacional, resultando ileso su conductor. El rodado que transportaba mercader\u00eda para Supermercado \u00abLa Anonima\u00bb proven\u00eda de la ciudadde de Chacabuco con destino a America y luego regresaba a la ciudad de Ameghino para descargar por la ma\u00f1ana.<\/em><\/strong><\/p>\n\n\n\n<p class=\"has-black-color has-text-color has-link-color wp-elements-7e4e63d608ba8881807d6ab3fedec3e0\">De acuerdo a lo manifestado por el conductor, not\u00f3 un ruido sospechoso y cuando detuvo el veh\u00edculo ya ten\u00eda llamas en una de las ruedas de la cabina, en tanto llamaba a emergencia (en el lugar se dificulta la se\u00f1al) intent\u00f3 apagar la llama pero una explosion lo despidi\u00f3 del lugar, aun as\u00ed result\u00f3 ileso.<\/p>\n\n\n\n<p class=\"has-black-color has-text-color has-link-color wp-elements-4ebedf0dae07067f91b13dd46fe85560\">Cuando llegaron los bomberos ya la cabina del veh\u00edculo estaba totalmente en llamas por lo que las perdidas del rodado fueron mas que importantes, incluida la mercader\u00eda que conten\u00eda en su interior.<\/p>\n\n\n\n<p class=\"has-black-color has-text-color has-link-color wp-elements-41c84a84abb82fb05b4295a168422a5e\">El transito permaneci\u00f3 cortado por varios minutos y luego fue asistido por la polic\u00eda. <\/p>\n\n\n\n<p class=\"has-black-color has-text-color has-link-color wp-elements-96470ab413c0e4fa96ac0ce68d45cad3\">Trabajaron en el lugar  <strong>Policia comunal de Ameghino<\/strong> y cuatro dotaciones de <strong>bomberos de Ameghino<\/strong><\/p>\n\n\n\n<figure class=\"wp-block-gallery has-nested-images columns-default is-cropped wp-block-gallery-1 is-layout-flex wp-block-gallery-is-layout-flex\">\n<figure class=\"wp-block-image size-large\"><img data-recalc-dims=\"1\" loading=\"lazy\" decoding=\"async\" width=\"640\" height=\"295\" data-id=\"11310\" src=\"https:\/\/i0.wp.com\/www.labrujulaweb.com.ar\/blog\/wp-content\/uploads\/2025\/01\/INCENDIO2VALIDO.jpg?resize=640%2C295&#038;ssl=1\" alt=\"\" class=\"wp-image-11310\" srcset=\"https:\/\/i0.wp.com\/www.labrujulaweb.com.ar\/blog\/wp-content\/uploads\/2025\/01\/INCENDIO2VALIDO.jpg?resize=1024%2C472&amp;ssl=1 1024w, https:\/\/i0.wp.com\/www.labrujulaweb.com.ar\/blog\/wp-content\/uploads\/2025\/01\/INCENDIO2VALIDO.jpg?resize=300%2C138&amp;ssl=1 300w, https:\/\/i0.wp.com\/www.labrujulaweb.com.ar\/blog\/wp-content\/uploads\/2025\/01\/INCENDIO2VALIDO.jpg?resize=768%2C354&amp;ssl=1 768w, https:\/\/i0.wp.com\/www.labrujulaweb.com.ar\/blog\/wp-content\/uploads\/2025\/01\/INCENDIO2VALIDO.jpg?w=1084&amp;ssl=1 1084w\" sizes=\"auto, (max-width: 640px) 100vw, 640px\" \/><\/figure>\n\n\n\n<figure class=\"wp-block-image size-large\"><img data-recalc-dims=\"1\" loading=\"lazy\" decoding=\"async\" width=\"640\" height=\"370\" data-id=\"11309\" src=\"https:\/\/i0.wp.com\/www.labrujulaweb.com.ar\/blog\/wp-content\/uploads\/2025\/01\/INCENDIO3VALIDO.jpg?resize=640%2C370&#038;ssl=1\" alt=\"\" class=\"wp-image-11309\" srcset=\"https:\/\/i0.wp.com\/www.labrujulaweb.com.ar\/blog\/wp-content\/uploads\/2025\/01\/INCENDIO3VALIDO.jpg?w=865&amp;ssl=1 865w, https:\/\/i0.wp.com\/www.labrujulaweb.com.ar\/blog\/wp-content\/uploads\/2025\/01\/INCENDIO3VALIDO.jpg?resize=300%2C173&amp;ssl=1 300w, https:\/\/i0.wp.com\/www.labrujulaweb.com.ar\/blog\/wp-content\/uploads\/2025\/01\/INCENDIO3VALIDO.jpg?resize=768%2C444&amp;ssl=1 768w\" sizes=\"auto, (max-width: 640px) 100vw, 640px\" \/><\/figure>\n<\/figure>\n\n\n\n<p><\/p>\n","protected":false},"excerpt":{"rendered":"<p>A la medianoche de este Viernes se incendi\u00f3 un camion Fiat Iveco a la altura del Km 301 de Ruta Nacional 188 donde estaba el peaje y ahora se encuentra una balanza de Vialidad Nacional, resultando ileso su conductor. El rodado que transportaba mercader\u00eda para Supermercado \u00abLa Anonima\u00bb proven\u00eda de la ciudadde de Chacabuco con [&hellip;]<\/p>\n","protected":false},"author":2,"featured_media":11308,"comment_status":"open","ping_status":"open","sticky":false,"template":"","format":"standard","meta":{"footnotes":"","jetpack_publicize_message":"","jetpack_publicize_feature_enabled":true,"jetpack_social_post_already_shared":true,"jetpack_social_options":{"image_generator_settings":{"template":"highway","default_image_id":0,"font":"","enabled":false},"version":2}},"categories":[24,31,6,9,34,37],"tags":[],"class_list":["post-11307","post","type-post","status-publish","format-standard","has-post-thumbnail","hentry","category-florentino-ameghino","category-importantes","category-interes-general","category-municipios","category-policial","category-sociedad"],"jetpack_publicize_connections":[],"jetpack_featured_media_url":"https:\/\/i0.wp.com\/www.labrujulaweb.com.ar\/blog\/wp-content\/uploads\/2025\/01\/INCENDIO1VALIDO.jpg?fit=1084%2C500&ssl=1","jetpack_sharing_enabled":true,"_links":{"self":[{"href":"https:\/\/www.labrujulaweb.com.ar\/blog\/wp-json\/wp\/v2\/posts\/11307","targetHints":{"allow":["GET"]}}],"collection":[{"href":"https:\/\/www.labrujulaweb.com.ar\/blog\/wp-json\/wp\/v2\/posts"}],"about":[{"href":"https:\/\/www.labrujulaweb.com.ar\/blog\/wp-json\/wp\/v2\/types\/post"}],"author":[{"embeddable":true,"href":"https:\/\/www.labrujulaweb.com.ar\/blog\/wp-json\/wp\/v2\/users\/2"}],"replies":[{"embeddable":true,"href":"https:\/\/www.labrujulaweb.com.ar\/blog\/wp-json\/wp\/v2\/comments?post=11307"}],"version-history":[{"count":1,"href":"https:\/\/www.labrujulaweb.com.ar\/blog\/wp-json\/wp\/v2\/posts\/11307\/revisions"}],"predecessor-version":[{"id":11311,"href":"https:\/\/www.labrujulaweb.com.ar\/blog\/wp-json\/wp\/v2\/posts\/11307\/revisions\/11311"}],"wp:featuredmedia":[{"embeddable":true,"href":"https:\/\/www.labrujulaweb.com.ar\/blog\/wp-json\/wp\/v2\/media\/11308"}],"wp:attachment":[{"href":"https:\/\/www.labrujulaweb.com.ar\/blog\/wp-json\/wp\/v2\/media?parent=11307"}],"wp:term":[{"taxonomy":"category","embeddable":true,"href":"https:\/\/www.labrujulaweb.com.ar\/blog\/wp-json\/wp\/v2\/categories?post=11307"},{"taxonomy":"post_tag","embeddable":true,"href":"https:\/\/www.labrujulaweb.com.ar\/blog\/wp-json\/wp\/v2\/tags?post=11307"}],"curies":[{"name":"wp","href":"https:\/\/api.w.org\/{rel}","templated":true}]}}