{"id":11343,"date":"2025-01-20T09:55:27","date_gmt":"2025-01-20T12:55:27","guid":{"rendered":"https:\/\/www.labrujulaweb.com.ar\/blog\/?p=11343"},"modified":"2025-01-21T17:45:32","modified_gmt":"2025-01-21T20:45:32","slug":"el-nuevo-inta-dejara-de-hacer-asistencialismo-agropecuario","status":"publish","type":"post","link":"https:\/\/www.labrujulaweb.com.ar\/blog\/politica-estado\/gobierno\/el-nuevo-inta-dejara-de-hacer-asistencialismo-agropecuario\/","title":{"rendered":"El nuevo INTA dejar\u00e1 de hacer asistencialismo agropecuario"},"content":{"rendered":"\n<p class=\"has-black-color has-text-color has-link-color wp-elements-1b6f71996d551f0fe7e974d0f416b98d\"><strong><em>La vicepresidenta del organismo dijo que el Instituto perdi\u00f3 su esencia fundacional, basada en la transferencia tecnol\u00f3gica y extensi\u00f3n, y que apuestan a la generaci\u00f3n de tecnolog\u00edas para incrementar la producci\u00f3n<\/em><\/strong>. <\/p>\n\n\n\n<p class=\"has-black-color has-text-color has-link-color wp-elements-2fd6a5c3d8753ce2faf1995f4afa8417\">En una nota realizada desde AgroCave, la vicepresidenta del Instituto Nacional de Tecnolog\u00eda Agropecuaria (Inta), Mar\u00eda Beatriz Giraudo, manifest\u00f3 que se termin\u00f3 el ciclo en el que el organismo brindaba asistencia a los productores agropecuarios y comienza una etapa con objetivos que estar\u00e1n centrados en la ciencia y tecnolog\u00eda.<\/p>\n\n\n\n<p class=\"has-black-color has-text-color has-link-color wp-elements-52ad233e09b1d2b0723f5bcf560ac947\">A su vez, remarc\u00f3 que se van a sacar todas las actividades que el Inta absorbi\u00f3 oportunamente y estuvieron orientadas a la subsistencia.<\/p>\n\n\n\n<p class=\"has-black-color has-text-color has-link-color wp-elements-804907dcaff6178c73e2aee9539b4993\">\u201cEl organismo no tiene esas caracter\u00edsticas, ni capacidades. Su vinculaci\u00f3n debe ser con la tecnolog\u00eda y -a trav\u00e9s de este principio- queremos jerarquizar al agro y la agricultura familiar\u201d, dijo la directiva, aclarando que la nueva gesti\u00f3n no juzga si sirve o no, tampoco habla de descarte, pero \u201cs\u00ed estamos tomando la responsabilidad de aggiornar el Instituto a las necesidades actuales\u201d.<\/p>\n\n\n\n<p class=\"has-black-color has-text-color has-link-color wp-elements-1db3ddddaf18937c0ad533d716f5da00\">Seg\u00fan Giraudo, no va m\u00e1s entregar a los productores semillas para las huertas o gallinas ponedoras, porque se trata de acciones de asistencialismo para la subsistencia que deber\u00edan pasar a la \u00f3rbita de Capital Humano.<\/p>\n\n\n\n<p class=\"has-black-color has-text-color has-link-color wp-elements-f275d75178be75cbc21cb44873f7b662\">Tambi\u00e9n dijo que -en un clima de resistencia- est\u00e1 recorriendo el pa\u00eds y acordando por medio del di\u00e1logo un esquema de reformas y transformaci\u00f3n que se extender\u00e1 por todas los centros regionales, estaciones experimentales, agencias, unidades de extensi\u00f3n e institutos de investigaci\u00f3n.<\/p>\n\n\n\n<p class=\"has-black-color has-text-color has-link-color wp-elements-f20f2b3b1e588e3589d2a9342483c697\">En ese contexto, expres\u00f3 que \u2013a nivel mundial- todos los organismos de investigaci\u00f3n y tecnolog\u00eda se est\u00e1n redise\u00f1ando en sus estructuras internas y, al mismo tiempo, buscan acompa\u00f1ar los niveles de producci\u00f3n, las demandas de la sociedad, las bases cient\u00edficas tecnol\u00f3gicas, la forma de investigar y la importancia del medio ambiente.<\/p>\n\n\n\n<p class=\"has-black-color has-text-color has-link-color wp-elements-b8b1cb6a1a1ee45f32ffe2fcd470443d\"><strong><em>Cambio general<\/em><\/strong><\/p>\n\n\n\n<p class=\"has-black-color has-text-color has-link-color wp-elements-9ada0b1eb1886495001162cd543f4113\">\u201cLo que est\u00e1 pasando, es un cambio general dr\u00e1stico vinculado a estos desarrollos y es necesario atender estos pedidos que se aceleran. El Inta que se cre\u00f3 en un momento determinado y con una coyuntura de esos tiempos, no refleja los cambios que se requieren hoy; es decir estamos tomando la oportunidad de redise\u00f1ar y fortalecer el organismo con un rol m\u00e1s protag\u00f3nico al de su creaci\u00f3n\u201d, enfatiz\u00f3 Giraudo, agregando que la condici\u00f3n \u00fanica de este instituto frente a otros del mundo, es la territorialidad con m\u00e1s de 400 puntos de contactos en toda la Argentina.<\/p>\n\n\n\n<p class=\"has-black-color has-text-color has-link-color wp-elements-a41f02c31dd098c13f4559759454f0e3\">Giraudo, que este mes termina la recorrida total por todas las provincias en las que el organismo tiene presencia, incluso los m\u00f3dulos de hidroponia en la base de la Ant\u00e1rtida; expres\u00f3 que se est\u00e1 avanzando en una pol\u00edtica de revisi\u00f3n profunda y uno de los primeros pasos se basa en revertir problemas b\u00e1sicos como avanzar con la intimaci\u00f3n al personal a jubilarse, ya que hace 5 a\u00f1os que no se ven\u00eda haciendo o utilizando este instrumento legal.<\/p>\n\n\n\n<p class=\"has-black-color has-text-color has-link-color wp-elements-7222460b86350947ad4294b6c4d1c2cb\">\u201cNecesitamos renovar el personal, generar un semillero para la instituci\u00f3n que debe gestarse a trav\u00e9s de la salida de los jubilables\u201d, dijo.<\/p>\n\n\n\n<p class=\"has-black-color has-text-color has-link-color wp-elements-6e185937d99f1dd2150dc1cac5c6ad25\">Al cierre, Giraudo habl\u00f3 de c\u00f3mo se llegar\u00e1 a los 70 a\u00f1os del organismo, con una vinculaci\u00f3n tecnol\u00f3gica que trepe del 10% al 30 % en toda su cartera de desarrollo. Para esto, los nuevos directivos consideran que es necesaria la incorporaci\u00f3n del \u00e1mbito privado para potenciar el presupuesto hacia el a\u00f1o 2027.<\/p>\n\n\n\n<p class=\"has-black-color has-text-color has-link-color wp-elements-1720e4dc1eb1a409f49aea2b4ce6b471\">\u201cTenemos convicci\u00f3n en las capacidades del Inta y al mismo tiempo sabemos que la demanda del \u00e1mbito privado es enorme para potenciar este porcentual de crecimiento con un mayor presupuesto. Vinimos para relevar todo y definir transformaciones desde el interior del organismo. No tomamos un Inta desvalorizado, sino que estamos para fortalecerlo; trabajando m\u00e1s en biotecnolog\u00eda, en agricultura de precisi\u00f3n, AdTech y otras herramientas modernas y productivas del mundo\u201d, dijo.<\/p>\n","protected":false},"excerpt":{"rendered":"<p>La vicepresidenta del organismo dijo que el Instituto perdi\u00f3 su esencia fundacional, basada en la transferencia tecnol\u00f3gica y extensi\u00f3n, y que apuestan a la generaci\u00f3n de tecnolog\u00edas para incrementar la producci\u00f3n. En una nota realizada desde AgroCave, la vicepresidenta del Instituto Nacional de Tecnolog\u00eda Agropecuaria (Inta), Mar\u00eda Beatriz Giraudo, manifest\u00f3 que se termin\u00f3 el ciclo [&hellip;]<\/p>\n","protected":false},"author":2,"featured_media":11344,"comment_status":"open","ping_status":"open","sticky":false,"template":"","format":"standard","meta":{"footnotes":"","jetpack_publicize_message":"","jetpack_publicize_feature_enabled":true,"jetpack_social_post_already_shared":false,"jetpack_social_options":{"image_generator_settings":{"template":"highway","default_image_id":0,"font":"","enabled":false},"version":2}},"categories":[32,10,31,33],"tags":[],"class_list":["post-11343","post","type-post","status-publish","format-standard","has-post-thumbnail","hentry","category-agro-negocios","category-gobierno","category-importantes","category-rural"],"jetpack_publicize_connections":[],"jetpack_featured_media_url":"https:\/\/i0.wp.com\/www.labrujulaweb.com.ar\/blog\/wp-content\/uploads\/2025\/01\/INTA-VALIDA.jpg?fit=714%2C500&ssl=1","jetpack_sharing_enabled":true,"_links":{"self":[{"href":"https:\/\/www.labrujulaweb.com.ar\/blog\/wp-json\/wp\/v2\/posts\/11343","targetHints":{"allow":["GET"]}}],"collection":[{"href":"https:\/\/www.labrujulaweb.com.ar\/blog\/wp-json\/wp\/v2\/posts"}],"about":[{"href":"https:\/\/www.labrujulaweb.com.ar\/blog\/wp-json\/wp\/v2\/types\/post"}],"author":[{"embeddable":true,"href":"https:\/\/www.labrujulaweb.com.ar\/blog\/wp-json\/wp\/v2\/users\/2"}],"replies":[{"embeddable":true,"href":"https:\/\/www.labrujulaweb.com.ar\/blog\/wp-json\/wp\/v2\/comments?post=11343"}],"version-history":[{"count":1,"href":"https:\/\/www.labrujulaweb.com.ar\/blog\/wp-json\/wp\/v2\/posts\/11343\/revisions"}],"predecessor-version":[{"id":11345,"href":"https:\/\/www.labrujulaweb.com.ar\/blog\/wp-json\/wp\/v2\/posts\/11343\/revisions\/11345"}],"wp:featuredmedia":[{"embeddable":true,"href":"https:\/\/www.labrujulaweb.com.ar\/blog\/wp-json\/wp\/v2\/media\/11344"}],"wp:attachment":[{"href":"https:\/\/www.labrujulaweb.com.ar\/blog\/wp-json\/wp\/v2\/media?parent=11343"}],"wp:term":[{"taxonomy":"category","embeddable":true,"href":"https:\/\/www.labrujulaweb.com.ar\/blog\/wp-json\/wp\/v2\/categories?post=11343"},{"taxonomy":"post_tag","embeddable":true,"href":"https:\/\/www.labrujulaweb.com.ar\/blog\/wp-json\/wp\/v2\/tags?post=11343"}],"curies":[{"name":"wp","href":"https:\/\/api.w.org\/{rel}","templated":true}]}}