{"id":11487,"date":"2025-02-15T18:47:48","date_gmt":"2025-02-15T21:47:48","guid":{"rendered":"https:\/\/www.labrujulaweb.com.ar\/blog\/?p=11487"},"modified":"2025-02-20T19:45:57","modified_gmt":"2025-02-20T22:45:57","slug":"ameghino-importante-capacitacion-del-grupo-asegurador-la-segunda-nota","status":"publish","type":"post","link":"https:\/\/www.labrujulaweb.com.ar\/blog\/interes-general\/ameghino-importante-capacitacion-del-grupo-asegurador-la-segunda-nota\/","title":{"rendered":"Ameghino: Importante capacitaci\u00f3n del grupo asegurador \u00abLa Segunda\u00bb (nota)"},"content":{"rendered":"\n<p class=\"has-black-color has-text-color has-link-color wp-elements-66da6761304b97ae013cfc740e7165d7\"><strong><em>El pasado Viernes, directivos del grupo asegurador \u00abLA SEGUNDA\u00bb brindaron importante capacitaci\u00f3n regional en hotel Viejo Molino de Ameghino. <\/em><\/strong><\/p>\n\n\n\n<p class=\"has-black-color has-text-color has-link-color wp-elements-88ba31882a9616fcb631ba637fc51245\"> \u201cLa Segunda\u201d viene realizando capacitaciones destinadas a todos los asesores, ante un cambio de sistema, el G.W System implementado desde comienzo de este a\u00f1o y que implica mas agilidad y dinamismo, permitiendo a los asesores trabajar desde cualquier lugar donde se encuentren para resolver toda necesidad de los asegurados, ya sea cobertura, cotizaciones, certificados, altas y bajas de veh\u00edculos etc.<\/p>\n\n\n\n<p class=\"has-black-color has-text-color has-link-color wp-elements-7bac3c1ca162cdd46a2f9dec12254d90\">Los capacitadores bajan directamente desde casa central de <strong>La Segunda, <\/strong>que se encuentra en Rosario y as\u00ed vienen desrrollandose en diferentes puntos de la regi\u00f3n, en<strong> Ameghino<\/strong> el encuentro se desarroll\u00f3 en Hotel Viejo Molino ante la presencia de asesores de <strong>Tejedor, Tres Algarrobos, C. Charlone, Gral Pinto, C. Granada y Ameghino entre otros.<\/strong><\/p>\n\n\n\n<figure class=\"wp-block-embed is-type-video is-provider-youtube wp-block-embed-youtube wp-embed-aspect-16-9 wp-has-aspect-ratio\"><div class=\"wp-block-embed__wrapper\">\n<div class=\"jetpack-video-wrapper\"><iframe loading=\"lazy\" title=\"JAVIER VENIER GNTE- RAUL SANCHEZ ASESOR- SEGUROS &quot;LA SEGUNDA&quot;\" width=\"640\" height=\"360\" src=\"https:\/\/www.youtube.com\/embed\/9Ij_phWSNpI?feature=oembed\" frameborder=\"0\" allow=\"accelerometer; autoplay; clipboard-write; encrypted-media; gyroscope; picture-in-picture; web-share\" referrerpolicy=\"strict-origin-when-cross-origin\" allowfullscreen><\/iframe><\/div>\n<\/div><\/figure>\n\n\n\n<p class=\"has-black-color has-text-color has-link-color wp-elements-0a7ac070047a300d0fc3627cdd00b96c\">Durante la jornada <strong>Ra\u00fal S\u00e1nchez, <\/strong>asesor en Ameghino, reconoci\u00f3 que aun no hay conciencia en la sociedad Argentina en realizar multicoberturas \u201chay muchos seguros de vivienda, comercio, para el sector agropecuario que no son solo cultivos o automotores, la casa es un bien mucho mas importante que el auto o en las estancias se pueden asegurar los cascos, galpones, estampidas de ganado y todo lo valioso que existe y que si hay robo o siniestro estar\u00eda asegurado, de eso aun no hay absoluta conciencia, el veh\u00edculo s\u00ed porque es obligatorio, A la gente le cuesta bastante asumir que no son caros y s\u00ed muy ventajosos, porque pueden salvar situaciones muy embarazosas\u201d -enfatiz\u00f3 el asesor de Ameghino-<\/p>\n\n\n\n<p class=\"has-black-color has-text-color has-link-color wp-elements-dc6c3c8c8ed6464837a8aed3784fa0a6\">En tanto Javier Venier, gerente regional, expres\u00f3 que \u201choy <strong>La Segunda<\/strong> est\u00e1 entre las cinco empresas mas grandes del pa\u00eds\u201d resaltando que los mayores requerimientos del asegurador es el seguro de granizo \u201cEs lo que m\u00e1s solicitan y en cosecha fina, las heladas, ademas de autom\u00f3viles y maquinarias agr\u00edcolas, sumado a la idiosincrasia de cada lugar, eso es un tema que los asesores conocen muy bien, poniendo en conocimiento a los asegurados\u201d agreg\u00f3 el gerente regional<\/p>\n\n\n\n<p class=\"has-black-color has-text-color has-link-color wp-elements-dfbbfdc54faf8fde81550d405c13dd6e\">Venier adem\u00e1s coincide en que \u201cNo se toma conciencia de los seguros de responsabilidad civil, es un abanico muy amplio que ofrece la Cooperativa y que no son caros, con la inversi\u00f3n que se hace hoy en el sector rural, el costo del seguro es m\u00ednimo\u201d \u2013 expres\u00f3 &#8211;<\/p>\n\n\n\n<p class=\"has-black-color has-text-color has-link-color wp-elements-3061781630948ce28e30c9345244b601\">\u201c Estas capacitaciones las hacemos todos los meses en diferentes lugares, es parte importante para reforzar nuestro v\u00ednculo con los asesores y a trav\u00e9s de ellos con los asegurados, cuando hay un siniestro y una necesidad, hay una cara visible para dar respuesta\u201d \u2013 concluy\u00f3-<\/p>\n\n\n\n<figure class=\"wp-block-image size-full is-resized\"><img data-recalc-dims=\"1\" loading=\"lazy\" decoding=\"async\" width=\"640\" height=\"419\" src=\"https:\/\/i0.wp.com\/www.labrujulaweb.com.ar\/blog\/wp-content\/uploads\/2025\/02\/LA-SEGUNDA-2-VALIDA.jpg?resize=640%2C419&#038;ssl=1\" alt=\"\" class=\"wp-image-11490\" style=\"width:571px;height:auto\" srcset=\"https:\/\/i0.wp.com\/www.labrujulaweb.com.ar\/blog\/wp-content\/uploads\/2025\/02\/LA-SEGUNDA-2-VALIDA.jpg?w=763&amp;ssl=1 763w, https:\/\/i0.wp.com\/www.labrujulaweb.com.ar\/blog\/wp-content\/uploads\/2025\/02\/LA-SEGUNDA-2-VALIDA.jpg?resize=300%2C197&amp;ssl=1 300w\" sizes=\"auto, (max-width: 640px) 100vw, 640px\" \/><\/figure>\n\n\n\n<p><\/p>\n","protected":false},"excerpt":{"rendered":"<p>El pasado Viernes, directivos del grupo asegurador \u00abLA SEGUNDA\u00bb brindaron importante capacitaci\u00f3n regional en hotel Viejo Molino de Ameghino. \u201cLa Segunda\u201d viene realizando capacitaciones destinadas a todos los asesores, ante un cambio de sistema, el G.W System implementado desde comienzo de este a\u00f1o y que implica mas agilidad y dinamismo, permitiendo a los asesores trabajar [&hellip;]<\/p>\n","protected":false},"author":2,"featured_media":11488,"comment_status":"closed","ping_status":"closed","sticky":false,"template":"","format":"standard","meta":{"footnotes":"","jetpack_publicize_message":"","jetpack_publicize_feature_enabled":true,"jetpack_social_post_already_shared":true,"jetpack_social_options":{"image_generator_settings":{"template":"highway","default_image_id":0,"font":"","enabled":false},"version":2}},"categories":[32,24,31,6,9,33,37],"tags":[],"class_list":["post-11487","post","type-post","status-publish","format-standard","has-post-thumbnail","hentry","category-agro-negocios","category-florentino-ameghino","category-importantes","category-interes-general","category-municipios","category-rural","category-sociedad"],"jetpack_publicize_connections":[],"jetpack_featured_media_url":"https:\/\/i0.wp.com\/www.labrujulaweb.com.ar\/blog\/wp-content\/uploads\/2025\/02\/LA-SEGUNDA-VALIDA.jpg?fit=930%2C500&ssl=1","jetpack_sharing_enabled":true,"_links":{"self":[{"href":"https:\/\/www.labrujulaweb.com.ar\/blog\/wp-json\/wp\/v2\/posts\/11487","targetHints":{"allow":["GET"]}}],"collection":[{"href":"https:\/\/www.labrujulaweb.com.ar\/blog\/wp-json\/wp\/v2\/posts"}],"about":[{"href":"https:\/\/www.labrujulaweb.com.ar\/blog\/wp-json\/wp\/v2\/types\/post"}],"author":[{"embeddable":true,"href":"https:\/\/www.labrujulaweb.com.ar\/blog\/wp-json\/wp\/v2\/users\/2"}],"replies":[{"embeddable":true,"href":"https:\/\/www.labrujulaweb.com.ar\/blog\/wp-json\/wp\/v2\/comments?post=11487"}],"version-history":[{"count":3,"href":"https:\/\/www.labrujulaweb.com.ar\/blog\/wp-json\/wp\/v2\/posts\/11487\/revisions"}],"predecessor-version":[{"id":11492,"href":"https:\/\/www.labrujulaweb.com.ar\/blog\/wp-json\/wp\/v2\/posts\/11487\/revisions\/11492"}],"wp:featuredmedia":[{"embeddable":true,"href":"https:\/\/www.labrujulaweb.com.ar\/blog\/wp-json\/wp\/v2\/media\/11488"}],"wp:attachment":[{"href":"https:\/\/www.labrujulaweb.com.ar\/blog\/wp-json\/wp\/v2\/media?parent=11487"}],"wp:term":[{"taxonomy":"category","embeddable":true,"href":"https:\/\/www.labrujulaweb.com.ar\/blog\/wp-json\/wp\/v2\/categories?post=11487"},{"taxonomy":"post_tag","embeddable":true,"href":"https:\/\/www.labrujulaweb.com.ar\/blog\/wp-json\/wp\/v2\/tags?post=11487"}],"curies":[{"name":"wp","href":"https:\/\/api.w.org\/{rel}","templated":true}]}}