{"id":11647,"date":"2025-04-14T13:34:08","date_gmt":"2025-04-14T16:34:08","guid":{"rendered":"https:\/\/www.labrujulaweb.com.ar\/blog\/?p=11647"},"modified":"2025-04-21T21:37:32","modified_gmt":"2025-04-22T00:37:32","slug":"blaquier-el-delegad-fue-despedido-por-acusacion-de-una-empleada-municipal","status":"publish","type":"post","link":"https:\/\/www.labrujulaweb.com.ar\/blog\/interes-general\/blaquier-el-delegad-fue-despedido-por-acusacion-de-una-empleada-municipal\/","title":{"rendered":"Blaquier: El delegado fu\u00e9 despedido por acusaci\u00f3n de una empleada municipal."},"content":{"rendered":"\n<p class=\"has-black-color has-text-color has-link-color wp-elements-01cc51fe53f9b009e04ddf3dc551ae3d\"><strong><em>El delegado de Blaquier fu\u00e9 despedido esta ma\u00f1ana a trav\u00e9s de un pedido de renuncia por parte del ejecutivo municipal.<\/em><\/strong><\/p>\n\n\n\n<p class=\"has-black-color has-text-color has-link-color wp-elements-f79fe7696dce74f953d41b58f0e4c52d\">De acuerdo a la informaci\u00f3n oficial en la ma\u00f1ana de este Lunes 14\/04 desde el ejecutivo municipal de Ameghino, se solicit\u00f3 la renuncia al delegado de la localidad de Blaquier <strong>Germ\u00e1n Gallardo<\/strong> por \u201cconductas indebidas hacia una empleada municipal\u201d.<\/p>\n\n\n\n<p class=\"has-black-color has-text-color has-link-color wp-elements-238ca65af82ff6d92595e6c5f3523da1\">De esta manera lo expres\u00f3 la intendenta interina <strong>Ana M. Ver\u00f3n,<\/strong> quien a trav\u00e9s de un comunicado asegur\u00f3 la decisi\u00f3n-avalada por el intendente <strong>Mitellbach- <\/strong>aclar\u00f3-<\/p>\n\n\n\n<p class=\"has-black-color has-text-color has-link-color wp-elements-acb696a52205ff6bc715f2f16a52cf08\">La primera mandataria interina tambi\u00e9n dej\u00f3 en claro que desde el municipio se ofrecieron todas las herramientas necesarias de acompa\u00f1amiento y contenci\u00f3n garantizando el apoyo necesario, hacia la persona de Blaquier que fuera la perjudicada a ra\u00edz de las conductas recibidas.<\/p>\n\n\n\n<p class=\"has-black-color has-text-color has-link-color wp-elements-3f0c201ac77611e8f4f8fe6a4eeeb23f\">Si bien el tema hab\u00eda trascendido en un circulo muy cerrado hace unos d\u00edas, el ya ex delegado, present\u00f3 esta ma\u00f1ana la renuncia que fuera solicitada desde el municipio.Si bien no se expres\u00f3 oficialmente, pudo saberse que estar\u00eda radicada la denuncia por parte de la danmificada.<\/p>\n\n\n\n<p><strong>German Gallardo<\/strong> habia asumido el cargo el a\u00f1o pasado despues de la renunca de quien ocupara la delegaci\u00f3n de Blaquier anteriormente <strong>Jos\u00e9 Pratto <\/strong><\/p>\n","protected":false},"excerpt":{"rendered":"<p>El delegado de Blaquier fu\u00e9 despedido esta ma\u00f1ana a trav\u00e9s de un pedido de renuncia por parte del ejecutivo municipal. De acuerdo a la informaci\u00f3n oficial en la ma\u00f1ana de este Lunes 14\/04 desde el ejecutivo municipal de Ameghino, se solicit\u00f3 la renuncia al delegado de la localidad de Blaquier Germ\u00e1n Gallardo por \u201cconductas indebidas [&hellip;]<\/p>\n","protected":false},"author":2,"featured_media":11648,"comment_status":"closed","ping_status":"closed","sticky":false,"template":"","format":"standard","meta":{"footnotes":"","jetpack_publicize_message":"","jetpack_publicize_feature_enabled":true,"jetpack_social_post_already_shared":true,"jetpack_social_options":{"image_generator_settings":{"template":"highway","default_image_id":0,"font":"","enabled":false},"version":2}},"categories":[30,24,31,6,9,29,37],"tags":[],"class_list":["post-11647","post","type-post","status-publish","format-standard","has-post-thumbnail","hentry","category-politicadirigencia","category-florentino-ameghino","category-importantes","category-interes-general","category-municipios","category-politica-estado","category-sociedad"],"jetpack_publicize_connections":[],"jetpack_featured_media_url":"https:\/\/i0.wp.com\/www.labrujulaweb.com.ar\/blog\/wp-content\/uploads\/2025\/04\/BLAQUIERVALI.jpg?fit=667%2C500&ssl=1","jetpack_sharing_enabled":true,"_links":{"self":[{"href":"https:\/\/www.labrujulaweb.com.ar\/blog\/wp-json\/wp\/v2\/posts\/11647","targetHints":{"allow":["GET"]}}],"collection":[{"href":"https:\/\/www.labrujulaweb.com.ar\/blog\/wp-json\/wp\/v2\/posts"}],"about":[{"href":"https:\/\/www.labrujulaweb.com.ar\/blog\/wp-json\/wp\/v2\/types\/post"}],"author":[{"embeddable":true,"href":"https:\/\/www.labrujulaweb.com.ar\/blog\/wp-json\/wp\/v2\/users\/2"}],"replies":[{"embeddable":true,"href":"https:\/\/www.labrujulaweb.com.ar\/blog\/wp-json\/wp\/v2\/comments?post=11647"}],"version-history":[{"count":8,"href":"https:\/\/www.labrujulaweb.com.ar\/blog\/wp-json\/wp\/v2\/posts\/11647\/revisions"}],"predecessor-version":[{"id":11662,"href":"https:\/\/www.labrujulaweb.com.ar\/blog\/wp-json\/wp\/v2\/posts\/11647\/revisions\/11662"}],"wp:featuredmedia":[{"embeddable":true,"href":"https:\/\/www.labrujulaweb.com.ar\/blog\/wp-json\/wp\/v2\/media\/11648"}],"wp:attachment":[{"href":"https:\/\/www.labrujulaweb.com.ar\/blog\/wp-json\/wp\/v2\/media?parent=11647"}],"wp:term":[{"taxonomy":"category","embeddable":true,"href":"https:\/\/www.labrujulaweb.com.ar\/blog\/wp-json\/wp\/v2\/categories?post=11647"},{"taxonomy":"post_tag","embeddable":true,"href":"https:\/\/www.labrujulaweb.com.ar\/blog\/wp-json\/wp\/v2\/tags?post=11647"}],"curies":[{"name":"wp","href":"https:\/\/api.w.org\/{rel}","templated":true}]}}