{"id":11659,"date":"2025-04-14T18:26:40","date_gmt":"2025-04-14T21:26:40","guid":{"rendered":"https:\/\/www.labrujulaweb.com.ar\/blog\/?p=11659"},"modified":"2025-04-19T09:44:56","modified_gmt":"2025-04-19T12:44:56","slug":"fuerte-cruce-entre-el-campo-y-milei-por-el-regreso-de-retenciones","status":"publish","type":"post","link":"https:\/\/www.labrujulaweb.com.ar\/blog\/interes-general\/fuerte-cruce-entre-el-campo-y-milei-por-el-regreso-de-retenciones\/","title":{"rendered":"Fuerte cruce entre el campo y Milei por el regreso de retenciones"},"content":{"rendered":"\n<p class=\"has-black-color has-text-color has-link-color wp-elements-97cc75da23038eedf7383449874b02b8\"><strong><em>Milei tens\u00f3 la cuerda con el campo: pidi\u00f3 que liquiden ya y avis\u00f3 que vuelven las retenciones. El agro respondi\u00f3 con malestar, bronca y reclamos.<\/em><\/strong><\/p>\n\n\n\n<p class=\"has-black-color has-text-color has-link-color wp-elements-3b640f2ab3b7be77850089c9170ab52b\">En una declaraci\u00f3n que encendi\u00f3 las alarmas en el sector agropecuario,\u00a0<strong>Javier Milei<\/strong>\u00a0confirm\u00f3 este lunes que las retenciones volver\u00e1n a su nivel anterior a partir de junio, cuando vence la rebaja temporaria anunciada en enero.\u00a0<strong>\u00abAv\u00edsenle al campo que si tienen que liquidar, liquiden ahora\u00bb<\/strong>, lanz\u00f3 el mandatario, en un mensaje directo al coraz\u00f3n del sector agroexportador.<\/p>\n\n\n\n<p class=\"has-black-color has-text-color has-link-color wp-elements-8aa4335b7c927265f152a16251413462\">La rebaja, que baj\u00f3 del 33% al 26% la al\u00edcuota sobre la soja y otros cereales, fue pensada como una medida de alivio transitorio con vencimiento el 30 de junio. Pero lejos de ofrecer una pr\u00f3rroga, el jefe de Estado fue categ\u00f3rico: no habr\u00e1 extensi\u00f3n y recomend\u00f3 apurar ventas antes de la suba.<\/p>\n\n\n\n<p class=\"has-black-color has-text-color has-link-color wp-elements-3eaac791a930cc2669a47bd6951449a9\">La advertencia lleg\u00f3 en un contexto de tensi\u00f3n cambiaria, con exportadores demorando liquidaciones y una suba reciente en el tipo de cambio. Milei explic\u00f3 que mientras los importadores adelantaron operaciones, el campo opt\u00f3 por especular, generando un desequilibrio que ahora busca corregir.<\/p>\n\n\n\n<h3 class=\"wp-block-heading has-black-color has-text-color has-link-color wp-elements-6205c5d087072dcde4a3f7862d5562c8\">Reacciones del campo: \u201cEsper\u00e1bamos otra cosa\u201d<\/h3>\n\n\n\n<p class=\"has-black-color has-text-color has-link-color wp-elements-e88b0cf1e4fab833d97c8eb7951abdbc\">Las declaraciones del Presidente cayeron como un baldazo de agua fr\u00eda en el agro. \u201cEstamos sorprendidos, no esper\u00e1bamos esa medida sobre las retenciones en este momento\u201d, dijo\u00a0<strong>Lucas Magnano<\/strong>, titular de Coninagro. Para\u00a0<strong>Nicol\u00e1s Pino<\/strong>, presidente de la Sociedad Rural Argentina (SRA), el mensaje fue dirigido directamente a los grandes exportadores.<\/p>\n\n\n\n<p class=\"has-black-color has-text-color has-link-color wp-elements-56f93aac21ddd4297b53f1a38885a2b4\"><strong>Andrea Sarnari<\/strong>, presidenta de la Federaci\u00f3n Agraria Argentina (FAA), se mostr\u00f3 firme: \u201cEl productor va a vender lo que necesita para afrontar los costos. No especula\u201d. A su vez, insisti\u00f3 en que se necesita previsibilidad y que la baja de retenciones deber\u00eda hacerse definitiva, sobre todo para el trigo, cuya siembra arranca en breve.<\/p>\n\n\n\n<p class=\"has-black-color has-text-color has-link-color wp-elements-9b454f20b3844fb5c19fae68872f6528\">Desde Carbap,&nbsp;<strong>Pablo Ginestet<\/strong>&nbsp;fue a\u00fan m\u00e1s cr\u00edtico: \u201cLos dichos del Presidente hacen acordar a otras \u00e9pocas. Esto no es una buena se\u00f1al. Si no bajamos los DEX, la producci\u00f3n caer\u00e1 en 2026\u201d. El dirigente reclam\u00f3 un cambio de rumbo para evitar un golpe a la competitividad del agro.<\/p>\n\n\n\n<p class=\"has-black-color has-text-color has-link-color wp-elements-b85320641253a090980b04e461216c3f\">El trasfondo pol\u00edtico y econ\u00f3mico del mensaje presidencial es claro: Milei busca acelerar la entrada de divisas para sostener el programa econ\u00f3mico. Seg\u00fan el propio Presidente, la inflaci\u00f3n tender\u00e1 a cero en 2025 y la eliminaci\u00f3n del cepo es una muestra de mayor libertad econ\u00f3mica. Sin embargo, la forma en que se comunic\u00f3 esta decisi\u00f3n abri\u00f3 un frente de conflicto con uno de los sectores clave para el ingreso de d\u00f3lares.<\/p>\n\n\n\n<p class=\"has-black-color has-text-color has-link-color wp-elements-65e7427ab06d36b465fd7c0acfdd6fac\">Mientras tanto, el agro reclama lo de siempre: menos presi\u00f3n fiscal, m\u00e1s previsibilidad y se\u00f1ales claras para poder proyectar la pr\u00f3xima campa\u00f1a.<\/p>\n\n\n\n<p><\/p>\n","protected":false},"excerpt":{"rendered":"<p>Milei tens\u00f3 la cuerda con el campo: pidi\u00f3 que liquiden ya y avis\u00f3 que vuelven las retenciones. El agro respondi\u00f3 con malestar, bronca y reclamos. En una declaraci\u00f3n que encendi\u00f3 las alarmas en el sector agropecuario,\u00a0Javier Milei\u00a0confirm\u00f3 este lunes que las retenciones volver\u00e1n a su nivel anterior a partir de junio, cuando vence la rebaja [&hellip;]<\/p>\n","protected":false},"author":2,"featured_media":11660,"comment_status":"closed","ping_status":"closed","sticky":false,"template":"","format":"standard","meta":{"footnotes":"","jetpack_publicize_message":"","jetpack_publicize_feature_enabled":true,"jetpack_social_post_already_shared":true,"jetpack_social_options":{"image_generator_settings":{"template":"highway","default_image_id":0,"font":"","enabled":false},"version":2}},"categories":[32,10,31,6,33],"tags":[],"class_list":["post-11659","post","type-post","status-publish","format-standard","has-post-thumbnail","hentry","category-agro-negocios","category-gobierno","category-importantes","category-interes-general","category-rural"],"jetpack_publicize_connections":[],"jetpack_featured_media_url":"https:\/\/i0.wp.com\/www.labrujulaweb.com.ar\/blog\/wp-content\/uploads\/2025\/04\/MILEIVALIDA.jpg?fit=619%2C500&ssl=1","jetpack_sharing_enabled":true,"_links":{"self":[{"href":"https:\/\/www.labrujulaweb.com.ar\/blog\/wp-json\/wp\/v2\/posts\/11659","targetHints":{"allow":["GET"]}}],"collection":[{"href":"https:\/\/www.labrujulaweb.com.ar\/blog\/wp-json\/wp\/v2\/posts"}],"about":[{"href":"https:\/\/www.labrujulaweb.com.ar\/blog\/wp-json\/wp\/v2\/types\/post"}],"author":[{"embeddable":true,"href":"https:\/\/www.labrujulaweb.com.ar\/blog\/wp-json\/wp\/v2\/users\/2"}],"replies":[{"embeddable":true,"href":"https:\/\/www.labrujulaweb.com.ar\/blog\/wp-json\/wp\/v2\/comments?post=11659"}],"version-history":[{"count":1,"href":"https:\/\/www.labrujulaweb.com.ar\/blog\/wp-json\/wp\/v2\/posts\/11659\/revisions"}],"predecessor-version":[{"id":11661,"href":"https:\/\/www.labrujulaweb.com.ar\/blog\/wp-json\/wp\/v2\/posts\/11659\/revisions\/11661"}],"wp:featuredmedia":[{"embeddable":true,"href":"https:\/\/www.labrujulaweb.com.ar\/blog\/wp-json\/wp\/v2\/media\/11660"}],"wp:attachment":[{"href":"https:\/\/www.labrujulaweb.com.ar\/blog\/wp-json\/wp\/v2\/media?parent=11659"}],"wp:term":[{"taxonomy":"category","embeddable":true,"href":"https:\/\/www.labrujulaweb.com.ar\/blog\/wp-json\/wp\/v2\/categories?post=11659"},{"taxonomy":"post_tag","embeddable":true,"href":"https:\/\/www.labrujulaweb.com.ar\/blog\/wp-json\/wp\/v2\/tags?post=11659"}],"curies":[{"name":"wp","href":"https:\/\/api.w.org\/{rel}","templated":true}]}}