{"id":11782,"date":"2025-05-05T11:42:16","date_gmt":"2025-05-05T14:42:16","guid":{"rendered":"https:\/\/www.labrujulaweb.com.ar\/blog\/?p=11782"},"modified":"2025-05-06T13:08:16","modified_gmt":"2025-05-06T16:08:16","slug":"timote-homenajeo-al-soldado-bordoy-en-el-43o-aniversario-del-hundimiento-del-ara-gral-belgrano","status":"publish","type":"post","link":"https:\/\/www.labrujulaweb.com.ar\/blog\/interes-general\/timote-homenajeo-al-soldado-bordoy-en-el-43o-aniversario-del-hundimiento-del-ara-gral-belgrano\/","title":{"rendered":"Timote homenaje\u00f3 al Soldado Bordoy en el 43\u00ba Aniversario del Hundimiento del ARA Gral. Belgrano"},"content":{"rendered":"\n<p class=\"has-black-color has-text-color has-link-color wp-elements-94a90c8d11afe40873acebb128b1a8fd\"><strong><em>El pasado viernes 2 de mayo, la comunidad de Timote se reuni\u00f3 para rendir homenaje al Soldado Conscripto Roberto Aldo Bordoy, a 43 a\u00f1os del hundimiento del crucero ARA General Belgrano durante la Guerra de Malvinas.<\/em><\/strong><\/p>\n\n\n\n<p class=\"has-black-color has-text-color has-link-color wp-elements-41a8b208e4bb8f10db09fee4a9f4d134\">El acto se desarroll\u00f3 en la plaza que lleva su nombre, con la presencia de autoridades, instituciones con sus banderas, vecinos y familiares. <\/p>\n\n\n\n<p class=\"has-black-color has-text-color has-link-color wp-elements-746fa127ed5b2666163294b1d59654ec\">La intendenta de C. Tejedor <strong>Mar\u00eda Celia Gianini<\/strong> destac\u00f3 el compromiso de la comunidad con la memoria y el reconocimiento de nuestros h\u00e9roes.<\/p>\n\n\n\n<p class=\"has-black-color has-text-color has-link-color wp-elements-21e3fae0df9ddf286e6f1d59a28e16b5\">Tambi\u00e9n comparti\u00f3 su testimonio el soldado sobreviviente <strong>Walter Luis Canevari<\/strong>, oriundo de la ciudad de Roberts, quien fue parte de la tripulaci\u00f3n del Belgrano y vivi\u00f3 aquel tr\u00e1gico episodio. <\/p>\n\n\n\n<p class=\"has-black-color has-text-color has-link-color wp-elements-f69b6c99625a681adbb2492e6796cbb1\">La primera mandataria Tejedorense, junto a familiares de Bordoy, realizaron una ofrenda floral al pie del monumento que lo recuerda.<\/p>\n\n\n\n<figure class=\"wp-block-gallery has-nested-images columns-default is-cropped wp-block-gallery-1 is-layout-flex wp-block-gallery-is-layout-flex\">\n<figure class=\"wp-block-image size-large\"><img data-recalc-dims=\"1\" loading=\"lazy\" decoding=\"async\" width=\"640\" height=\"427\" data-id=\"11785\" src=\"https:\/\/i0.wp.com\/www.labrujulaweb.com.ar\/blog\/wp-content\/uploads\/2025\/05\/TIMOTE1-VALIDA.jpg?resize=640%2C427&#038;ssl=1\" alt=\"\" class=\"wp-image-11785\" srcset=\"https:\/\/i0.wp.com\/www.labrujulaweb.com.ar\/blog\/wp-content\/uploads\/2025\/05\/TIMOTE1-VALIDA.jpg?w=750&amp;ssl=1 750w, https:\/\/i0.wp.com\/www.labrujulaweb.com.ar\/blog\/wp-content\/uploads\/2025\/05\/TIMOTE1-VALIDA.jpg?resize=300%2C200&amp;ssl=1 300w\" sizes=\"auto, (max-width: 640px) 100vw, 640px\" \/><\/figure>\n\n\n\n<figure class=\"wp-block-image size-large\"><img data-recalc-dims=\"1\" loading=\"lazy\" decoding=\"async\" width=\"640\" height=\"427\" data-id=\"11786\" src=\"https:\/\/i0.wp.com\/www.labrujulaweb.com.ar\/blog\/wp-content\/uploads\/2025\/05\/TIMOTE2-VALIDA-1.jpg?resize=640%2C427&#038;ssl=1\" alt=\"\" class=\"wp-image-11786\" srcset=\"https:\/\/i0.wp.com\/www.labrujulaweb.com.ar\/blog\/wp-content\/uploads\/2025\/05\/TIMOTE2-VALIDA-1.jpg?w=750&amp;ssl=1 750w, https:\/\/i0.wp.com\/www.labrujulaweb.com.ar\/blog\/wp-content\/uploads\/2025\/05\/TIMOTE2-VALIDA-1.jpg?resize=300%2C200&amp;ssl=1 300w\" sizes=\"auto, (max-width: 640px) 100vw, 640px\" \/><\/figure>\n\n\n\n<figure class=\"wp-block-image size-large\"><img data-recalc-dims=\"1\" loading=\"lazy\" decoding=\"async\" width=\"640\" height=\"427\" data-id=\"11787\" src=\"https:\/\/i0.wp.com\/www.labrujulaweb.com.ar\/blog\/wp-content\/uploads\/2025\/05\/TIMOTE3VLIDA.jpg?resize=640%2C427&#038;ssl=1\" alt=\"\" class=\"wp-image-11787\" srcset=\"https:\/\/i0.wp.com\/www.labrujulaweb.com.ar\/blog\/wp-content\/uploads\/2025\/05\/TIMOTE3VLIDA.jpg?w=750&amp;ssl=1 750w, https:\/\/i0.wp.com\/www.labrujulaweb.com.ar\/blog\/wp-content\/uploads\/2025\/05\/TIMOTE3VLIDA.jpg?resize=300%2C200&amp;ssl=1 300w\" sizes=\"auto, (max-width: 640px) 100vw, 640px\" \/><\/figure>\n\n\n\n<figure class=\"wp-block-image size-large\"><img data-recalc-dims=\"1\" loading=\"lazy\" decoding=\"async\" width=\"640\" height=\"427\" data-id=\"11784\" src=\"https:\/\/i0.wp.com\/www.labrujulaweb.com.ar\/blog\/wp-content\/uploads\/2025\/05\/TIMOTE4VALIDA.jpg?resize=640%2C427&#038;ssl=1\" alt=\"\" class=\"wp-image-11784\" srcset=\"https:\/\/i0.wp.com\/www.labrujulaweb.com.ar\/blog\/wp-content\/uploads\/2025\/05\/TIMOTE4VALIDA.jpg?w=750&amp;ssl=1 750w, https:\/\/i0.wp.com\/www.labrujulaweb.com.ar\/blog\/wp-content\/uploads\/2025\/05\/TIMOTE4VALIDA.jpg?resize=300%2C200&amp;ssl=1 300w\" sizes=\"auto, (max-width: 640px) 100vw, 640px\" \/><\/figure>\n<\/figure>\n","protected":false},"excerpt":{"rendered":"<p>El pasado viernes 2 de mayo, la comunidad de Timote se reuni\u00f3 para rendir homenaje al Soldado Conscripto Roberto Aldo Bordoy, a 43 a\u00f1os del hundimiento del crucero ARA General Belgrano durante la Guerra de Malvinas. El acto se desarroll\u00f3 en la plaza que lleva su nombre, con la presencia de autoridades, instituciones con sus [&hellip;]<\/p>\n","protected":false},"author":2,"featured_media":11783,"comment_status":"closed","ping_status":"closed","sticky":false,"template":"","format":"standard","meta":{"footnotes":"","jetpack_publicize_message":"","jetpack_publicize_feature_enabled":true,"jetpack_social_post_already_shared":true,"jetpack_social_options":{"image_generator_settings":{"template":"highway","default_image_id":0,"font":"","enabled":false},"version":2}},"categories":[26,7,30,31,6,9],"tags":[],"class_list":["post-11782","post","type-post","status-publish","format-standard","has-post-thumbnail","hentry","category-carlos-tejedor","category-cultura","category-politicadirigencia","category-importantes","category-interes-general","category-municipios"],"jetpack_publicize_connections":[],"jetpack_featured_media_url":"https:\/\/i0.wp.com\/www.labrujulaweb.com.ar\/blog\/wp-content\/uploads\/2025\/05\/TIMOTE2-VALIDA.jpg?fit=750%2C500&ssl=1","jetpack_sharing_enabled":true,"_links":{"self":[{"href":"https:\/\/www.labrujulaweb.com.ar\/blog\/wp-json\/wp\/v2\/posts\/11782","targetHints":{"allow":["GET"]}}],"collection":[{"href":"https:\/\/www.labrujulaweb.com.ar\/blog\/wp-json\/wp\/v2\/posts"}],"about":[{"href":"https:\/\/www.labrujulaweb.com.ar\/blog\/wp-json\/wp\/v2\/types\/post"}],"author":[{"embeddable":true,"href":"https:\/\/www.labrujulaweb.com.ar\/blog\/wp-json\/wp\/v2\/users\/2"}],"replies":[{"embeddable":true,"href":"https:\/\/www.labrujulaweb.com.ar\/blog\/wp-json\/wp\/v2\/comments?post=11782"}],"version-history":[{"count":1,"href":"https:\/\/www.labrujulaweb.com.ar\/blog\/wp-json\/wp\/v2\/posts\/11782\/revisions"}],"predecessor-version":[{"id":11788,"href":"https:\/\/www.labrujulaweb.com.ar\/blog\/wp-json\/wp\/v2\/posts\/11782\/revisions\/11788"}],"wp:featuredmedia":[{"embeddable":true,"href":"https:\/\/www.labrujulaweb.com.ar\/blog\/wp-json\/wp\/v2\/media\/11783"}],"wp:attachment":[{"href":"https:\/\/www.labrujulaweb.com.ar\/blog\/wp-json\/wp\/v2\/media?parent=11782"}],"wp:term":[{"taxonomy":"category","embeddable":true,"href":"https:\/\/www.labrujulaweb.com.ar\/blog\/wp-json\/wp\/v2\/categories?post=11782"},{"taxonomy":"post_tag","embeddable":true,"href":"https:\/\/www.labrujulaweb.com.ar\/blog\/wp-json\/wp\/v2\/tags?post=11782"}],"curies":[{"name":"wp","href":"https:\/\/api.w.org\/{rel}","templated":true}]}}