{"id":11938,"date":"2025-06-22T14:27:07","date_gmt":"2025-06-22T17:27:07","guid":{"rendered":"https:\/\/www.labrujulaweb.com.ar\/blog\/?p=11938"},"modified":"2025-06-29T11:18:10","modified_gmt":"2025-06-29T14:18:10","slug":"se-viene-una-ola-polar-con-viento-y-temperaturas-bajo-cero-en-la-provincia-de-buenos-aires","status":"publish","type":"post","link":"https:\/\/www.labrujulaweb.com.ar\/blog\/interes-general\/se-viene-una-ola-polar-con-viento-y-temperaturas-bajo-cero-en-la-provincia-de-buenos-aires\/","title":{"rendered":"Se viene una ola polar con viento y temperaturas bajo cero en la Provincia de Buenos Aires"},"content":{"rendered":"\n<p class=\"has-black-color has-text-color has-link-color wp-elements-1ad1ce3b05b6827ef48d38521688c45d\"><strong><em>Se viene una fuerte masa de aire polar: cu\u00e1ndo llega y qu\u00e9 temperaturas se esperan en la provincia de Buenos Aires<\/em><\/strong><\/p>\n\n\n\n<p>El invierno se va a hacer sentir con todo en los pr\u00f3ximos d\u00edas. A partir de este\u00a0<strong>domingo 22 de junio<\/strong>, una masa de aire polar llegar\u00e1 a la<strong>\u00a0provincia de Buenos Aires<\/strong>\u00a0y provocar\u00e1 un fuerte descenso de temperatura, con m\u00ednimas bajo cero, heladas generalizadas y r\u00e1fagas de viento que van a potenciar la sensaci\u00f3n t\u00e9rmica.<\/p>\n\n\n\n<p>Seg\u00fan inform\u00f3 el\u00a0<strong>Servicio Meteorol\u00f3gico Nacional (SMN)<\/strong>, el ingreso del frente fr\u00edo se dar\u00e1 durante la tarde del domingo, acompa\u00f1ado por vientos del sur que, en algunas zonas, podr\u00edan superar los\u00a0<strong>60 kil\u00f3metros por hora<\/strong>. El cambio en las condiciones ser\u00e1 r\u00e1pido: de un fin de semana fresco pero tolerable, se pasar\u00e1 a jornadas invernales, con fr\u00edo intenso desde la madrugada del lunes.<\/p>\n\n\n\n<p>El\u00a0<strong>interior bonaerense<\/strong>\u00a0ser\u00e1 el m\u00e1s castigado: en zonas rurales del centro y oeste provincial, como\u00a0<strong>Olavarr\u00eda<\/strong>,\u00a0<strong>9 de Julio<\/strong>,\u00a0<strong>Pehuaj\u00f3<\/strong>\u00a0o\u00a0<strong>Bol\u00edvar<\/strong>, se anticipan m\u00ednimas de entre\u00a0<strong>\u20134\u202f\u00b0C y \u20136\u202f\u00b0C<\/strong>, y no se descartan picos de\u00a0<strong>\u20137\u202f\u00b0C u \u20138\u202f\u00b0C<\/strong>\u00a0en \u00e1reas bajas.  Las heladas van a ser severas y podr\u00edan extenderse durante varias jornadas.<\/p>\n\n\n\n<p>A este fr\u00edo intenso se le suman los vientos del sector sur, que comenzararon a soplar con fuerza desde este domingo y se mantendr\u00e1n durante buena parte del lunes. Habr\u00e1 r\u00e1fagas que pueden superar los\u00a0<strong>50 km\/h<\/strong>\u00a0en toda la franja costera y en el conurbano, lo que har\u00e1 que la sensaci\u00f3n t\u00e9rmica sea todav\u00eda m\u00e1s baja.<\/p>\n","protected":false},"excerpt":{"rendered":"<p>Se viene una fuerte masa de aire polar: cu\u00e1ndo llega y qu\u00e9 temperaturas se esperan en la provincia de Buenos Aires El invierno se va a hacer sentir con todo en los pr\u00f3ximos d\u00edas. A partir de este\u00a0domingo 22 de junio, una masa de aire polar llegar\u00e1 a la\u00a0provincia de Buenos Aires\u00a0y provocar\u00e1 un fuerte [&hellip;]<\/p>\n","protected":false},"author":2,"featured_media":11939,"comment_status":"closed","ping_status":"closed","sticky":false,"template":"","format":"standard","meta":{"footnotes":"","jetpack_publicize_message":"","jetpack_publicize_feature_enabled":true,"jetpack_social_post_already_shared":true,"jetpack_social_options":{"image_generator_settings":{"template":"highway","default_image_id":0,"font":"","enabled":false},"version":2}},"categories":[38,31,6],"tags":[],"class_list":["post-11938","post","type-post","status-publish","format-standard","has-post-thumbnail","hentry","category-clima","category-importantes","category-interes-general"],"jetpack_publicize_connections":[],"jetpack_featured_media_url":"https:\/\/i0.wp.com\/www.labrujulaweb.com.ar\/blog\/wp-content\/uploads\/2025\/06\/WhatsApp-Image-2025-06-17-at-07.51.04-1-1068x527-1.jpeg?fit=1068%2C527&ssl=1","jetpack_sharing_enabled":true,"_links":{"self":[{"href":"https:\/\/www.labrujulaweb.com.ar\/blog\/wp-json\/wp\/v2\/posts\/11938","targetHints":{"allow":["GET"]}}],"collection":[{"href":"https:\/\/www.labrujulaweb.com.ar\/blog\/wp-json\/wp\/v2\/posts"}],"about":[{"href":"https:\/\/www.labrujulaweb.com.ar\/blog\/wp-json\/wp\/v2\/types\/post"}],"author":[{"embeddable":true,"href":"https:\/\/www.labrujulaweb.com.ar\/blog\/wp-json\/wp\/v2\/users\/2"}],"replies":[{"embeddable":true,"href":"https:\/\/www.labrujulaweb.com.ar\/blog\/wp-json\/wp\/v2\/comments?post=11938"}],"version-history":[{"count":1,"href":"https:\/\/www.labrujulaweb.com.ar\/blog\/wp-json\/wp\/v2\/posts\/11938\/revisions"}],"predecessor-version":[{"id":11940,"href":"https:\/\/www.labrujulaweb.com.ar\/blog\/wp-json\/wp\/v2\/posts\/11938\/revisions\/11940"}],"wp:featuredmedia":[{"embeddable":true,"href":"https:\/\/www.labrujulaweb.com.ar\/blog\/wp-json\/wp\/v2\/media\/11939"}],"wp:attachment":[{"href":"https:\/\/www.labrujulaweb.com.ar\/blog\/wp-json\/wp\/v2\/media?parent=11938"}],"wp:term":[{"taxonomy":"category","embeddable":true,"href":"https:\/\/www.labrujulaweb.com.ar\/blog\/wp-json\/wp\/v2\/categories?post=11938"},{"taxonomy":"post_tag","embeddable":true,"href":"https:\/\/www.labrujulaweb.com.ar\/blog\/wp-json\/wp\/v2\/tags?post=11938"}],"curies":[{"name":"wp","href":"https:\/\/api.w.org\/{rel}","templated":true}]}}