{"id":1236,"date":"2020-09-16T13:06:27","date_gmt":"2020-09-16T13:06:27","guid":{"rendered":"http:\/\/www.labrujulaweb.com.ar\/blog\/?p=1236"},"modified":"2020-09-17T13:44:22","modified_gmt":"2020-09-17T13:44:22","slug":"tejedor-sumo-hoy-dos-positivos-mas","status":"publish","type":"post","link":"https:\/\/www.labrujulaweb.com.ar\/blog\/municipios\/carlos-tejedor\/tejedor-sumo-hoy-dos-positivos-mas\/","title":{"rendered":"Tejedor sumo hoy dos positivos mas."},"content":{"rendered":"\n<p> La Intendenta Municipal en comunicado de prensa, despu\u00e9s de la confirmaci\u00f3n de dos casos mas positivos en la ciudad dio a conocer que \u00ab<strong>El Distrito esta en  FASE 4  y dio detalles del funcionamiento de las actividades comerciales y recreativas, destacando los auxiliares (empleo domestico) vuelven a las actividades, alba\u00f1iles,(obras particulares) salidas recreativas (al aire libre) tiendas y zapaterias.<\/strong>\u00ab<\/p>\n\n\n\n<p>\u00ab<strong>NO est\u00e1n habilitados los bares y restaurantes, gimnasios y deportes individuales\u00bb. <\/strong><\/p>\n\n\n\n<p>Remarco a los ciudadanos que sigan cuid\u00e1ndose mucho para salir r\u00e1pido de esta situaci\u00f3n sin dejar de lado el agradecimiento a los trabajadores de la salud, e intrahospitalarios y voluntarios .<\/p>\n\n\n\n<p>Por otro lado- manifest\u00f3- <strong> \u00abUna mejor noticia- es que ma\u00f1ana Jueves el hospital Garre recibe un nuevo respirador con monitor y dos bombas de fusi\u00f3n.\u00bb<\/strong><\/p>\n\n\n\n<p>Sabemos de los momentos dif\u00edciles que estamos pasando pero nos vamos a tener que acostumbrar a convivir con esta realidad por eso vale la responsabilidad social, cumpliendo con las medidas de seguridad, <\/p>\n\n\n\n<p>Fue optimista diciendo -al final del comunicado-que esperemos un poquito mas, si nos vamos estabilizando,  en breve se podr\u00e1n habilitar nuevamente los bares y actividades si todos somos conscientes de seguir cuid\u00e1ndonos.<\/p>\n\n\n\n<p>GRAFICO DE SITUACION ACTUAL<\/p>\n\n\n\n<figure class=\"wp-block-image size-large is-resized\"><img data-recalc-dims=\"1\" loading=\"lazy\" decoding=\"async\" src=\"https:\/\/i0.wp.com\/www.labrujulaweb.com.ar\/blog\/wp-content\/uploads\/2020\/09\/WhatsApp-Image-2020-09-16-at-09.19.47-1024x1024.jpeg?resize=401%2C401\" alt=\"\" class=\"wp-image-1237\" width=\"401\" height=\"401\" srcset=\"https:\/\/i0.wp.com\/www.labrujulaweb.com.ar\/blog\/wp-content\/uploads\/2020\/09\/WhatsApp-Image-2020-09-16-at-09.19.47.jpeg?resize=1024%2C1024&amp;ssl=1 1024w, https:\/\/i0.wp.com\/www.labrujulaweb.com.ar\/blog\/wp-content\/uploads\/2020\/09\/WhatsApp-Image-2020-09-16-at-09.19.47.jpeg?resize=300%2C300&amp;ssl=1 300w, https:\/\/i0.wp.com\/www.labrujulaweb.com.ar\/blog\/wp-content\/uploads\/2020\/09\/WhatsApp-Image-2020-09-16-at-09.19.47.jpeg?resize=150%2C150&amp;ssl=1 150w, https:\/\/i0.wp.com\/www.labrujulaweb.com.ar\/blog\/wp-content\/uploads\/2020\/09\/WhatsApp-Image-2020-09-16-at-09.19.47.jpeg?resize=768%2C768&amp;ssl=1 768w, https:\/\/i0.wp.com\/www.labrujulaweb.com.ar\/blog\/wp-content\/uploads\/2020\/09\/WhatsApp-Image-2020-09-16-at-09.19.47.jpeg?w=1280&amp;ssl=1 1280w\" sizes=\"auto, (max-width: 401px) 100vw, 401px\" \/><\/figure>\n","protected":false},"excerpt":{"rendered":"<p>La Intendenta Municipal en comunicado de prensa, despu\u00e9s de la confirmaci\u00f3n de dos casos mas positivos en la ciudad dio a conocer que \u00abEl Distrito esta en FASE 4 y dio detalles del funcionamiento de las actividades comerciales y recreativas, destacando los auxiliares (empleo domestico) vuelven a las actividades, alba\u00f1iles,(obras particulares) salidas recreativas (al aire [&hellip;]<\/p>\n","protected":false},"author":2,"featured_media":1038,"comment_status":"open","ping_status":"open","sticky":false,"template":"","format":"standard","meta":{"footnotes":"","jetpack_publicize_message":"","jetpack_publicize_feature_enabled":true,"jetpack_social_post_already_shared":true,"jetpack_social_options":{"image_generator_settings":{"template":"highway","default_image_id":0,"font":"","enabled":false},"version":2}},"categories":[26,28],"tags":[],"class_list":["post-1236","post","type-post","status-publish","format-standard","has-post-thumbnail","hentry","category-carlos-tejedor","category-salud-covid19"],"jetpack_publicize_connections":[],"jetpack_featured_media_url":"https:\/\/i0.wp.com\/www.labrujulaweb.com.ar\/blog\/wp-content\/uploads\/2020\/09\/20200603110207_247477137tejefor-2.jpeg?fit=887%2C554&ssl=1","jetpack_sharing_enabled":true,"_links":{"self":[{"href":"https:\/\/www.labrujulaweb.com.ar\/blog\/wp-json\/wp\/v2\/posts\/1236","targetHints":{"allow":["GET"]}}],"collection":[{"href":"https:\/\/www.labrujulaweb.com.ar\/blog\/wp-json\/wp\/v2\/posts"}],"about":[{"href":"https:\/\/www.labrujulaweb.com.ar\/blog\/wp-json\/wp\/v2\/types\/post"}],"author":[{"embeddable":true,"href":"https:\/\/www.labrujulaweb.com.ar\/blog\/wp-json\/wp\/v2\/users\/2"}],"replies":[{"embeddable":true,"href":"https:\/\/www.labrujulaweb.com.ar\/blog\/wp-json\/wp\/v2\/comments?post=1236"}],"version-history":[{"count":2,"href":"https:\/\/www.labrujulaweb.com.ar\/blog\/wp-json\/wp\/v2\/posts\/1236\/revisions"}],"predecessor-version":[{"id":1244,"href":"https:\/\/www.labrujulaweb.com.ar\/blog\/wp-json\/wp\/v2\/posts\/1236\/revisions\/1244"}],"wp:featuredmedia":[{"embeddable":true,"href":"https:\/\/www.labrujulaweb.com.ar\/blog\/wp-json\/wp\/v2\/media\/1038"}],"wp:attachment":[{"href":"https:\/\/www.labrujulaweb.com.ar\/blog\/wp-json\/wp\/v2\/media?parent=1236"}],"wp:term":[{"taxonomy":"category","embeddable":true,"href":"https:\/\/www.labrujulaweb.com.ar\/blog\/wp-json\/wp\/v2\/categories?post=1236"},{"taxonomy":"post_tag","embeddable":true,"href":"https:\/\/www.labrujulaweb.com.ar\/blog\/wp-json\/wp\/v2\/tags?post=1236"}],"curies":[{"name":"wp","href":"https:\/\/api.w.org\/{rel}","templated":true}]}}