{"id":12395,"date":"2025-10-16T11:43:29","date_gmt":"2025-10-16T14:43:29","guid":{"rendered":"https:\/\/www.labrujulaweb.com.ar\/blog\/?p=12395"},"modified":"2025-10-20T17:12:33","modified_gmt":"2025-10-20T20:12:33","slug":"imagina-y-crea-un-lugar-donde-el-juego-vuelve-a-ser-protagonista-recorremos-y-contamos","status":"publish","type":"post","link":"https:\/\/www.labrujulaweb.com.ar\/blog\/interes-general\/imagina-y-crea-un-lugar-donde-el-juego-vuelve-a-ser-protagonista-recorremos-y-contamos\/","title":{"rendered":"\u201cImagina y Crea\u201d: un lugar donde el juego vuelve a ser protagonista -recorremos y contamos-"},"content":{"rendered":"\n<p class=\"has-black-color has-text-color has-link-color wp-elements-50d4873a4045e7110d486a5ac9a05408\"><strong><em>En pleno coraz\u00f3n de General Villegas, en Moreno 521, se encuentra  \u201cImagina y Crea\u201d, un espacio \u00fanico en la regi\u00f3n que invita a chicos y grandes \u2014de 0 a 95 a\u00f1os\u2014 a redescubrir el juego de una manera distinta: sin pantallas, sin pilas y sin tecnolog\u00eda.<\/em><\/strong><\/p>\n\n\n\n<p class=\"has-black-color has-text-color has-link-color wp-elements-50eae25169936a4c95ea646257d05528\">La propuesta, totalmente <strong>inclusiva y did\u00e1ctica<\/strong>, pone el foco en lo esencial: <strong>imaginar, crear, disfrutar y aprender<\/strong>. Cada rinc\u00f3n del lugar est\u00e1 pensado para estimular la creatividad, el movimiento, la exploraci\u00f3n y el intercambio entre generaciones.<\/p>\n\n\n\n<figure class=\"wp-block-embed is-type-video is-provider-youtube wp-block-embed-youtube wp-embed-aspect-16-9 wp-has-aspect-ratio\"><div class=\"wp-block-embed__wrapper\">\n<div class=\"jetpack-video-wrapper\"><iframe loading=\"lazy\" title=\"&quot;Imagina y Crea&quot; Gabriela Fernandez\" width=\"640\" height=\"360\" src=\"https:\/\/www.youtube.com\/embed\/dpAeGWU5cZI?feature=oembed\" frameborder=\"0\" allow=\"accelerometer; autoplay; clipboard-write; encrypted-media; gyroscope; picture-in-picture; web-share\" referrerpolicy=\"strict-origin-when-cross-origin\" allowfullscreen><\/iframe><\/div>\n<\/div><\/figure>\n\n\n\n<p class=\"has-black-color has-text-color has-link-color wp-elements-ec8e3c616f3d0d49b503f7fc78588f29\">\u201cQueremos que las personas se conecten con el juego real, con lo simple, con lo que despierta la imaginaci\u00f3n y fortalece v\u00ednculos\u201d, cuenta <strong>Gabriela Fern\u00e1ndez<\/strong>, responsable del espacio, mientras recorremos las instalaciones con im\u00e1genes que muestran la calidez y originalidad del lugar.<\/p>\n\n\n\n<p class=\"has-black-color has-text-color has-link-color wp-elements-1904205733e1a7063c46f4d15cfb9b2b\">Adem\u00e1s de ofrecer un sitio abierto a la comunidad local, <strong>\u201cImagina y Crea\u201d tambi\u00e9n provee materiales y asesoramiento para instalar este tipo de espacios en otras ciudades<\/strong>, expandiendo as\u00ed una propuesta que promueve el desarrollo l\u00fadico y la inclusi\u00f3n.<\/p>\n\n\n\n<p class=\"has-black-color has-text-color has-link-color wp-elements-caac5a033d75a4557d98e07bb7317320\"> Juegos de encastre, sensoriales,bloques, instrumentos, estaciones creativas y rincones tem\u00e1ticos forman parte de esta experiencia sensorial que cautiva a grandes y chicos por igual.<\/p>\n\n\n\n<p class=\"has-black-color has-text-color has-link-color wp-elements-706c8273cc7a266adaacdb00be3a8e95\">Ademas se realizan talleres para aprender y crear tus propios personajes.<\/p>\n\n\n\n<p class=\"has-black-color has-text-color has-link-color wp-elements-9684918df74bf2fe71838ac716754136\"> <strong>\u201cImagina y Crea\u201d est\u00e1 ubicado en Moreno 521, General Villegas.<\/strong><br>Un lugar distinto, donde jugar vuelve a ser un acto m\u00e1gico y compartido.<\/p>\n","protected":false},"excerpt":{"rendered":"<p>En pleno coraz\u00f3n de General Villegas, en Moreno 521, se encuentra \u201cImagina y Crea\u201d, un espacio \u00fanico en la regi\u00f3n que invita a chicos y grandes \u2014de 0 a 95 a\u00f1os\u2014 a redescubrir el juego de una manera distinta: sin pantallas, sin pilas y sin tecnolog\u00eda. La propuesta, totalmente inclusiva y did\u00e1ctica, pone el foco [&hellip;]<\/p>\n","protected":false},"author":2,"featured_media":12398,"comment_status":"closed","ping_status":"closed","sticky":false,"template":"","format":"standard","meta":{"footnotes":"","jetpack_publicize_message":"","jetpack_publicize_feature_enabled":true,"jetpack_social_post_already_shared":true,"jetpack_social_options":{"image_generator_settings":{"template":"highway","default_image_id":0,"font":"","enabled":false},"version":2}},"categories":[7,25,31,6,9,36,37],"tags":[],"class_list":["post-12395","post","type-post","status-publish","format-standard","has-post-thumbnail","hentry","category-cultura","category-general-villegas","category-importantes","category-interes-general","category-municipios","category-salud","category-sociedad"],"jetpack_publicize_connections":[],"jetpack_featured_media_url":"https:\/\/i0.wp.com\/www.labrujulaweb.com.ar\/blog\/wp-content\/uploads\/2025\/10\/IMAGINA-VALIDA.jpg?fit=782%2C500&ssl=1","jetpack_sharing_enabled":true,"_links":{"self":[{"href":"https:\/\/www.labrujulaweb.com.ar\/blog\/wp-json\/wp\/v2\/posts\/12395","targetHints":{"allow":["GET"]}}],"collection":[{"href":"https:\/\/www.labrujulaweb.com.ar\/blog\/wp-json\/wp\/v2\/posts"}],"about":[{"href":"https:\/\/www.labrujulaweb.com.ar\/blog\/wp-json\/wp\/v2\/types\/post"}],"author":[{"embeddable":true,"href":"https:\/\/www.labrujulaweb.com.ar\/blog\/wp-json\/wp\/v2\/users\/2"}],"replies":[{"embeddable":true,"href":"https:\/\/www.labrujulaweb.com.ar\/blog\/wp-json\/wp\/v2\/comments?post=12395"}],"version-history":[{"count":1,"href":"https:\/\/www.labrujulaweb.com.ar\/blog\/wp-json\/wp\/v2\/posts\/12395\/revisions"}],"predecessor-version":[{"id":12397,"href":"https:\/\/www.labrujulaweb.com.ar\/blog\/wp-json\/wp\/v2\/posts\/12395\/revisions\/12397"}],"wp:featuredmedia":[{"embeddable":true,"href":"https:\/\/www.labrujulaweb.com.ar\/blog\/wp-json\/wp\/v2\/media\/12398"}],"wp:attachment":[{"href":"https:\/\/www.labrujulaweb.com.ar\/blog\/wp-json\/wp\/v2\/media?parent=12395"}],"wp:term":[{"taxonomy":"category","embeddable":true,"href":"https:\/\/www.labrujulaweb.com.ar\/blog\/wp-json\/wp\/v2\/categories?post=12395"},{"taxonomy":"post_tag","embeddable":true,"href":"https:\/\/www.labrujulaweb.com.ar\/blog\/wp-json\/wp\/v2\/tags?post=12395"}],"curies":[{"name":"wp","href":"https:\/\/api.w.org\/{rel}","templated":true}]}}