{"id":12470,"date":"2025-10-30T08:37:05","date_gmt":"2025-10-30T11:37:05","guid":{"rendered":"https:\/\/www.labrujulaweb.com.ar\/blog\/?p=12470"},"modified":"2025-11-05T11:16:48","modified_gmt":"2025-11-05T14:16:48","slug":"fiesta-aniversario-ameghino-se-prepara-para-celebrar-su-historia-y-su-gente","status":"publish","type":"post","link":"https:\/\/www.labrujulaweb.com.ar\/blog\/interes-general\/fiesta-aniversario-ameghino-se-prepara-para-celebrar-su-historia-y-su-gente\/","title":{"rendered":"Fiesta aniversario: F. Ameghino se prepara para celebrar su historia y su gente"},"content":{"rendered":"\n<p class=\"has-black-color has-text-color has-link-color wp-elements-2033b40c45c16fc70eeb6bfb88a22429 wp-block-paragraph\"> <strong><em>Este domingo 2 de noviembre, la ciudad cabecera de Ameghino celebrar\u00e1 su 129\u00b0 aniversario con una jornada especial organizada por la Direcci\u00f3n de Educaci\u00f3n y Cultura del Municipio.<\/em><\/strong><\/p>\n\n\n\n<p class=\"has-black-color has-text-color has-link-color wp-elements-b453b89b6d890297d9e086330d50b582 wp-block-paragraph\">La plaza principal ser\u00e1 el punto de encuentro para conmemorar un nuevo a\u00f1o y rendir homenaje a todas las personas que, con su esfuerzo, contribuyeron al crecimiento de la comunidad.<\/p>\n\n\n\n<p class=\"has-black-color has-text-color has-link-color wp-elements-35393f763b52d4b7c9be2216f0f6da59 wp-block-paragraph\">Las actividades comenzar\u00e1n con un desfile c\u00edvico coordinado por segundo a\u00f1o consecutivo por la Asociaci\u00f3n de Bomberos Voluntarios de Ameghino, que contar\u00e1 con la participaci\u00f3n de instituciones educativas, organizaciones sociales, entidades culturales y asociaciones locales. <\/p>\n\n\n\n<p class=\"has-black-color has-text-color has-link-color wp-elements-ab601aba4ae0818fe35fe0c7a91dfb65 wp-block-paragraph\">Finalizado el desfile, los vecinos podr\u00e1n disfrutar de espect\u00e1culos art\u00edsticos, danzas tradicionales y presentaciones en vivo.  <\/p>\n\n\n\n<p class=\"has-black-color has-text-color has-link-color wp-elements-3c9f4a46476951d36e9684fd5a69e6f2 wp-block-paragraph\"> \u201cLa organizaci\u00f3n de este evento, en este caso junto a la Asociaci\u00f3n de Bomberos Voluntarios de Ameghino, responde a la voluntad del Gobierno local de reivindicar los festejos patrios y culturales de nuestro distrito, con el objetivo de reforzar la identidad y mantener viva la historia que nos forj\u00f3\u201d.expres\u00f3 la Directora de Cultura Mar\u00eda P. Garbuglia<\/p>\n\n\n\n<p class=\"has-black-color has-text-color has-link-color wp-elements-ae773772547839c4eb030a66c1d9c2e4 wp-block-paragraph\"><strong>Cronograma de actividades:<\/strong><\/p>\n\n\n\n<ul class=\"wp-block-list\">\n<li class=\"has-black-color has-text-color has-link-color wp-elements-c1b402f740f7e2b82dad02053d212f9b\">16:30 h | Desfile c\u00edvico de instituciones<\/li>\n\n\n\n<li class=\"has-black-color has-text-color has-link-color wp-elements-6f642c971de90f5a6086afc8626eb80f\">17:00 h | Acto protocolar<\/li>\n\n\n\n<li class=\"has-black-color has-text-color has-link-color wp-elements-3ec23c21634bb0dc37ca55a701eb4bf3\">17:30 h | Espect\u00e1culos art\u00edsticos y danzas locales<br>Artistas invitados: Dos M\u00e1s Uno, Enkanto de mi Tierra, Rinc\u00f3n de Patria y Estruendo Mudo<br>Presentaci\u00f3n especial: Ventr\u00edlocuo Adri\u00e1n Alonso<\/li>\n<\/ul>\n","protected":false},"excerpt":{"rendered":"<p>Este domingo 2 de noviembre, la ciudad cabecera de Ameghino celebrar\u00e1 su 129\u00b0 aniversario con una jornada especial organizada por la Direcci\u00f3n de Educaci\u00f3n y Cultura del Municipio. La plaza principal ser\u00e1 el punto de encuentro para conmemorar un nuevo a\u00f1o y rendir homenaje a todas las personas que, con su esfuerzo, contribuyeron al crecimiento [&hellip;]<\/p>\n","protected":false},"author":2,"featured_media":12471,"comment_status":"closed","ping_status":"closed","sticky":false,"template":"","format":"standard","meta":{"footnotes":""},"categories":[7,24,31,6,9,37],"tags":[],"class_list":["post-12470","post","type-post","status-publish","format-standard","has-post-thumbnail","hentry","category-cultura","category-florentino-ameghino","category-importantes","category-interes-general","category-municipios","category-sociedad"],"_links":{"self":[{"href":"https:\/\/www.labrujulaweb.com.ar\/blog\/wp-json\/wp\/v2\/posts\/12470","targetHints":{"allow":["GET"]}}],"collection":[{"href":"https:\/\/www.labrujulaweb.com.ar\/blog\/wp-json\/wp\/v2\/posts"}],"about":[{"href":"https:\/\/www.labrujulaweb.com.ar\/blog\/wp-json\/wp\/v2\/types\/post"}],"author":[{"embeddable":true,"href":"https:\/\/www.labrujulaweb.com.ar\/blog\/wp-json\/wp\/v2\/users\/2"}],"replies":[{"embeddable":true,"href":"https:\/\/www.labrujulaweb.com.ar\/blog\/wp-json\/wp\/v2\/comments?post=12470"}],"version-history":[{"count":2,"href":"https:\/\/www.labrujulaweb.com.ar\/blog\/wp-json\/wp\/v2\/posts\/12470\/revisions"}],"predecessor-version":[{"id":12473,"href":"https:\/\/www.labrujulaweb.com.ar\/blog\/wp-json\/wp\/v2\/posts\/12470\/revisions\/12473"}],"wp:featuredmedia":[{"embeddable":true,"href":"https:\/\/www.labrujulaweb.com.ar\/blog\/wp-json\/wp\/v2\/media\/12471"}],"wp:attachment":[{"href":"https:\/\/www.labrujulaweb.com.ar\/blog\/wp-json\/wp\/v2\/media?parent=12470"}],"wp:term":[{"taxonomy":"category","embeddable":true,"href":"https:\/\/www.labrujulaweb.com.ar\/blog\/wp-json\/wp\/v2\/categories?post=12470"},{"taxonomy":"post_tag","embeddable":true,"href":"https:\/\/www.labrujulaweb.com.ar\/blog\/wp-json\/wp\/v2\/tags?post=12470"}],"curies":[{"name":"wp","href":"https:\/\/api.w.org\/{rel}","templated":true}]}}