{"id":12765,"date":"2026-01-14T18:47:21","date_gmt":"2026-01-14T21:47:21","guid":{"rendered":"https:\/\/www.labrujulaweb.com.ar\/blog\/?p=12765"},"modified":"2026-01-20T07:26:14","modified_gmt":"2026-01-20T10:26:14","slug":"ameghino-nacio-hoy-la-primer-bebe-del-ano-en-el-hospital-felipe-pelaez","status":"publish","type":"post","link":"https:\/\/www.labrujulaweb.com.ar\/blog\/interes-general\/ameghino-nacio-hoy-la-primer-bebe-del-ano-en-el-hospital-felipe-pelaez\/","title":{"rendered":"Ameghino- Naci\u00f3 hoy la primer beb\u00e9 del a\u00f1o en el Hospital Felipe Pel\u00e1ez"},"content":{"rendered":"\n<p class=\"has-black-color has-text-color has-link-color wp-elements-991e4f6f89724bda98f7622e8ed0cc77\"><strong><em>Este martes 14 de enero a las 12,10hs naci\u00f3 en el Hospital Municipal Felipe Pel\u00e1ez de Florentino Ameghino la primera beb\u00e9 del a\u00f1o 2026. Se trata de Melisa Torres, quien lleg\u00f3 al mundo mediante ces\u00e1rea, con un peso de 3 kilos 50 gramos.<\/em><\/strong><\/p>\n\n\n\n<p class=\"has-black-color has-text-color has-link-color wp-elements-6c5b6a23f5dc05de5f4b8b0914ef63b2\">Sus padres, <strong>Micaela Fern\u00e1ndez y Heber Torres<\/strong>, recibieron a Melisa con mucha emoci\u00f3n y alegr\u00eda en la sala de maternidad del nosocomio local. La peque\u00f1a se encuentra junto a su familia y es la segunda hija del matrimonio, que tambi\u00e9n tiene un ni\u00f1o de <strong>1 a\u00f1o y 4 meses<\/strong>, <strong>Nathanael Torres<\/strong>, quien la espera en casa.<\/p>\n\n\n\n<p class=\"has-black-color has-text-color has-link-color wp-elements-d52f2dd8520c774a294b2d41824d449a\">Seg\u00fan pudimos observar, madre e hija evolucionan favorablemente y recibir\u00edan el alta m\u00e9dica el pr\u00f3ximo <strong>viernes<\/strong>, para regresar a su hogar.<\/p>\n\n\n\n<p class=\"has-black-color has-text-color has-link-color wp-elements-6f7110ec56056c010cee6df7f3f7812e\">La familia expres\u00f3 un profundo agradecimiento al personal del hospital por la atenci\u00f3n recibida, destacando especialmente al <strong>Dr. David Cat\u00f3lica<\/strong>, quien atendi\u00f3 la cirug\u00eda; al <strong>Dr. Mart\u00edn \u00c1lvarez<\/strong>; a la m\u00e9dica <strong>pediatra Ivana G\u00f3mez Casta\u00f1eda<\/strong>; a la <strong>enfermera Luciana<\/strong> <strong>Pineda<\/strong> y a la <strong>instrumentista In\u00e9s Guevara<\/strong>, as\u00ed como a todo el equipo de enfermer\u00eda y trabajadores del nosocomio que los acompa\u00f1an en este momento tan especial.<\/p>\n\n\n\n<figure class=\"wp-block-image size-full\"><img data-recalc-dims=\"1\" loading=\"lazy\" decoding=\"async\" width=\"502\" height=\"500\" src=\"https:\/\/i0.wp.com\/www.labrujulaweb.com.ar\/blog\/wp-content\/uploads\/2026\/01\/BB-VAVILA-1.jpg?resize=502%2C500&#038;ssl=1\" alt=\"\" class=\"wp-image-12768\" srcset=\"https:\/\/i0.wp.com\/www.labrujulaweb.com.ar\/blog\/wp-content\/uploads\/2026\/01\/BB-VAVILA-1.jpg?w=502&amp;ssl=1 502w, https:\/\/i0.wp.com\/www.labrujulaweb.com.ar\/blog\/wp-content\/uploads\/2026\/01\/BB-VAVILA-1.jpg?resize=300%2C300&amp;ssl=1 300w, https:\/\/i0.wp.com\/www.labrujulaweb.com.ar\/blog\/wp-content\/uploads\/2026\/01\/BB-VAVILA-1.jpg?resize=150%2C150&amp;ssl=1 150w\" sizes=\"auto, (max-width: 502px) 100vw, 502px\" \/><\/figure>\n\n\n\n<p class=\"has-black-color has-text-color has-link-color wp-elements-0d4cfc896c38d831764e0e7709b6593a\">Desde este medio, celebramos la llegada de Melisa y agradecemos a la familia por permitirnos compartir esta hermosa noticia con la comunidad.<\/p>\n","protected":false},"excerpt":{"rendered":"<p>Este martes 14 de enero a las 12,10hs naci\u00f3 en el Hospital Municipal Felipe Pel\u00e1ez de Florentino Ameghino la primera beb\u00e9 del a\u00f1o 2026. Se trata de Melisa Torres, quien lleg\u00f3 al mundo mediante ces\u00e1rea, con un peso de 3 kilos 50 gramos. Sus padres, Micaela Fern\u00e1ndez y Heber Torres, recibieron a Melisa con mucha [&hellip;]<\/p>\n","protected":false},"author":2,"featured_media":12767,"comment_status":"closed","ping_status":"closed","sticky":false,"template":"","format":"standard","meta":{"footnotes":"","jetpack_publicize_message":"","jetpack_publicize_feature_enabled":true,"jetpack_social_post_already_shared":true,"jetpack_social_options":{"image_generator_settings":{"template":"highway","default_image_id":0,"font":"","enabled":false},"version":2}},"categories":[35,24,31,6,36,37],"tags":[],"class_list":["post-12765","post","type-post","status-publish","format-standard","has-post-thumbnail","hentry","category-comunicacion","category-florentino-ameghino","category-importantes","category-interes-general","category-salud","category-sociedad"],"jetpack_publicize_connections":[],"jetpack_featured_media_url":"https:\/\/i0.wp.com\/www.labrujulaweb.com.ar\/blog\/wp-content\/uploads\/2026\/01\/BBB-VALIDA.jpg?fit=737%2C500&ssl=1","jetpack_sharing_enabled":true,"_links":{"self":[{"href":"https:\/\/www.labrujulaweb.com.ar\/blog\/wp-json\/wp\/v2\/posts\/12765","targetHints":{"allow":["GET"]}}],"collection":[{"href":"https:\/\/www.labrujulaweb.com.ar\/blog\/wp-json\/wp\/v2\/posts"}],"about":[{"href":"https:\/\/www.labrujulaweb.com.ar\/blog\/wp-json\/wp\/v2\/types\/post"}],"author":[{"embeddable":true,"href":"https:\/\/www.labrujulaweb.com.ar\/blog\/wp-json\/wp\/v2\/users\/2"}],"replies":[{"embeddable":true,"href":"https:\/\/www.labrujulaweb.com.ar\/blog\/wp-json\/wp\/v2\/comments?post=12765"}],"version-history":[{"count":2,"href":"https:\/\/www.labrujulaweb.com.ar\/blog\/wp-json\/wp\/v2\/posts\/12765\/revisions"}],"predecessor-version":[{"id":12778,"href":"https:\/\/www.labrujulaweb.com.ar\/blog\/wp-json\/wp\/v2\/posts\/12765\/revisions\/12778"}],"wp:featuredmedia":[{"embeddable":true,"href":"https:\/\/www.labrujulaweb.com.ar\/blog\/wp-json\/wp\/v2\/media\/12767"}],"wp:attachment":[{"href":"https:\/\/www.labrujulaweb.com.ar\/blog\/wp-json\/wp\/v2\/media?parent=12765"}],"wp:term":[{"taxonomy":"category","embeddable":true,"href":"https:\/\/www.labrujulaweb.com.ar\/blog\/wp-json\/wp\/v2\/categories?post=12765"},{"taxonomy":"post_tag","embeddable":true,"href":"https:\/\/www.labrujulaweb.com.ar\/blog\/wp-json\/wp\/v2\/tags?post=12765"}],"curies":[{"name":"wp","href":"https:\/\/api.w.org\/{rel}","templated":true}]}}