{"id":12934,"date":"2026-03-09T18:57:03","date_gmt":"2026-03-09T21:57:03","guid":{"rendered":"https:\/\/www.labrujulaweb.com.ar\/blog\/?p=12934"},"modified":"2026-03-12T22:28:18","modified_gmt":"2026-03-13T01:28:18","slug":"este-lunes-subieron-hasta-5-los-combustibles-por-la-escalada-del-precio-del-petroleo","status":"publish","type":"post","link":"https:\/\/www.labrujulaweb.com.ar\/blog\/industria-comercio\/este-lunes-subieron-hasta-5-los-combustibles-por-la-escalada-del-precio-del-petroleo\/","title":{"rendered":"Este Lunes Subieron hasta 5% los combustibles por la escalada del precio del petr\u00f3leo"},"content":{"rendered":"\n<p class=\"has-black-color has-text-color has-link-color wp-elements-79dd2ef8b7a7ba7e5cf7c53455bdc7d0\"><strong><em>Los precios de los combustibles registran subas de hasta 5% en estaciones de servicio de todo el pa\u00eds, impulsadas por la fuerte escalada del precio internacional del petr\u00f3leo, que super\u00f3 los 100 d\u00f3lares por barril en medio de las tensiones y el conflicto en Medio Oriente.<\/em><\/strong><\/p>\n\n\n\n<p class=\"has-black-color has-text-color has-link-color wp-elements-85f47c2d3be6b97a4339736778e8fdf5\">El incremento impacta desde este lunes en los surtidores, con ajustes m\u00e1s marcados en el gasoil y algo menores en las naftas.<\/p>\n\n\n\n<p class=\"has-black-color has-text-color has-link-color wp-elements-928ab48d8e436b0d94b87d11f54b6f42\">El aumento se produce en un contexto de alta volatilidad en el mercado energ\u00e9tico internacional, lo que presiona sobre los costos locales de producci\u00f3n y comercializaci\u00f3n de combustibles.<\/p>\n","protected":false},"excerpt":{"rendered":"<p>Los precios de los combustibles registran subas de hasta 5% en estaciones de servicio de todo el pa\u00eds, impulsadas por la fuerte escalada del precio internacional del petr\u00f3leo, que super\u00f3 los 100 d\u00f3lares por barril en medio de las tensiones y el conflicto en Medio Oriente. El incremento impacta desde este lunes en los surtidores, [&hellip;]<\/p>\n","protected":false},"author":2,"featured_media":12935,"comment_status":"closed","ping_status":"closed","sticky":false,"template":"","format":"standard","meta":{"footnotes":"","jetpack_publicize_message":"","jetpack_publicize_feature_enabled":true,"jetpack_social_post_already_shared":true,"jetpack_social_options":{"image_generator_settings":{"template":"highway","default_image_id":0,"font":"","enabled":false},"version":2}},"categories":[10,31,5,6],"tags":[],"class_list":["post-12934","post","type-post","status-publish","format-standard","has-post-thumbnail","hentry","category-gobierno","category-importantes","category-industria-comercio","category-interes-general"],"jetpack_publicize_connections":[],"jetpack_featured_media_url":"https:\/\/i0.wp.com\/www.labrujulaweb.com.ar\/blog\/wp-content\/uploads\/2026\/03\/COMVUSTIBE.jpg?fit=870%2C500&ssl=1","jetpack_sharing_enabled":true,"_links":{"self":[{"href":"https:\/\/www.labrujulaweb.com.ar\/blog\/wp-json\/wp\/v2\/posts\/12934","targetHints":{"allow":["GET"]}}],"collection":[{"href":"https:\/\/www.labrujulaweb.com.ar\/blog\/wp-json\/wp\/v2\/posts"}],"about":[{"href":"https:\/\/www.labrujulaweb.com.ar\/blog\/wp-json\/wp\/v2\/types\/post"}],"author":[{"embeddable":true,"href":"https:\/\/www.labrujulaweb.com.ar\/blog\/wp-json\/wp\/v2\/users\/2"}],"replies":[{"embeddable":true,"href":"https:\/\/www.labrujulaweb.com.ar\/blog\/wp-json\/wp\/v2\/comments?post=12934"}],"version-history":[{"count":1,"href":"https:\/\/www.labrujulaweb.com.ar\/blog\/wp-json\/wp\/v2\/posts\/12934\/revisions"}],"predecessor-version":[{"id":12936,"href":"https:\/\/www.labrujulaweb.com.ar\/blog\/wp-json\/wp\/v2\/posts\/12934\/revisions\/12936"}],"wp:featuredmedia":[{"embeddable":true,"href":"https:\/\/www.labrujulaweb.com.ar\/blog\/wp-json\/wp\/v2\/media\/12935"}],"wp:attachment":[{"href":"https:\/\/www.labrujulaweb.com.ar\/blog\/wp-json\/wp\/v2\/media?parent=12934"}],"wp:term":[{"taxonomy":"category","embeddable":true,"href":"https:\/\/www.labrujulaweb.com.ar\/blog\/wp-json\/wp\/v2\/categories?post=12934"},{"taxonomy":"post_tag","embeddable":true,"href":"https:\/\/www.labrujulaweb.com.ar\/blog\/wp-json\/wp\/v2\/tags?post=12934"}],"curies":[{"name":"wp","href":"https:\/\/api.w.org\/{rel}","templated":true}]}}