{"id":12938,"date":"2026-03-09T22:47:48","date_gmt":"2026-03-10T01:47:48","guid":{"rendered":"https:\/\/www.labrujulaweb.com.ar\/blog\/?p=12938"},"modified":"2026-03-13T18:43:58","modified_gmt":"2026-03-13T21:43:58","slug":"fue-muy-doloroso-ponerle-tu-nombre-la-emotiva-carta-de-andrea-garcia-por-los-25-anos-del-cef","status":"publish","type":"post","link":"https:\/\/www.labrujulaweb.com.ar\/blog\/interes-general\/fue-muy-doloroso-ponerle-tu-nombre-la-emotiva-carta-de-andrea-garcia-por-los-25-anos-del-cef\/","title":{"rendered":"\u201cFue muy doloroso ponerle tu nombre\u201d: la emotiva carta de Andrea Garc\u00eda por los 25 a\u00f1os del CEF N\u00b0 128"},"content":{"rendered":"\n<p class=\"has-black-color has-text-color has-link-color wp-elements-838c497c5802e4bd30890e06bce8d0a0\"><strong><em>En el marco del 25\u00b0 aniversario del Centro de Educaci\u00f3n F\u00edsica numero 125 \u201cFlavio C\u00e9sar Ant\u00fanez\u201d de Ameghino, la ex intendenta  Lic. Andrea Garc\u00eda comparti\u00f3 una carta cargada de recuerdos, reflexiones y emoci\u00f3n. En el texto, rememora los inicios de la instituci\u00f3n que impulsaron juntos cuando eran muy j\u00f3venes y reivindica la figura de Ant\u00fanez, fallecido tempranamente, como uno de los grandes impulsores del deporte y las pol\u00edticas sociales en la comunidad. <\/em><\/strong><\/p>\n\n\n\n<p class=\"has-black-color has-text-color has-link-color wp-elements-18cdce6e50c05d4e12fcfc4be542190b\">A continuaci\u00f3n, el texto completo difundido por la ex jefa comunal de Ameghino.<\/p>\n\n\n\n<p class=\"has-cyan-bluish-gray-background-color has-background\">Hoy celebramos los 25 a\u00f1os del CEF \u201cFlavio C\u00e9sar Ant\u00fanez \u201c<br>Que lindo si lo vieras! Cuantas cosas hubieses hecho si la vida no te hubiese arrebatado el tiempo para ver crecer a tus hijos, cuidar a tu familia y para desarrollar tu vida pol\u00edtico profesional.<br>Creamos el CEF juntos, \u00e9ramos muy j\u00f3venes, pero ten\u00edamos no solo la decisi\u00f3n sino tambi\u00e9n la convicci\u00f3n de que gobernar era CREAR, crear trabajo, crear h\u00e1bitos saludables, crear comunidad, y el deporte era una gran posibilidad, una oportunidad y un verdadero hecho de justicia.<br>El CEF esta en marcha y cientos de ameghinenses disfrutan,aprenden y se forman en el.<br>En tus otras aventuras, la verdad, nada nuevo ha venido a superar a los programas como el Golazo, Viejo son los trapos, Triplicando, el cierre del verano y otros m\u00e1s, que hasta hoy se reproducen a\u00f1o a a\u00f1o, aunque sin la visi\u00f3n y el compromiso social con los que los pudiste so\u00f1ar.<br>Te extra\u00f1amos, te recordamos y fundamentalmente seguimos siendo los mismos!. Con los mismos principios y valores que van a contramano de lo modelos de epoca: de gestiones deshumanizadas, de injusticias celebradas, del desamparo institucionalizado de j\u00f3venes, y de gobiernos que retiran al Estado de obligaci\u00f3nes constituci\u00f3nales.<br>Te cuento! Estos dias la guerra muestra el horror del mundo por TV, y mientras tanto, en Argentina, la pobreza se cuela en la casa de muchos, el sufrimiento es silencioso y no encuentra puerta d\u00f3nde golpear.<br>Pero esto no es un escrito melanc\u00f3lico. Es el reconocimiento a<br>tu trabajo y a las ideas que un d\u00eda se van a volver a poner en marcha, con alegr\u00eda, con proyectos que piensen en la felicidad del pueblo y la grandeza de la Patria, el lugar donde nacimos o elegimos para vivir<br>Fue muy doloroso ponerle tu nombre al CEF, pero hoy es un acto de reivindicaci\u00f3n a la justicia social!<br>Siempre en nuestra memoria querido Flavio<\/p>\n","protected":false},"excerpt":{"rendered":"<p>En el marco del 25\u00b0 aniversario del Centro de Educaci\u00f3n F\u00edsica numero 125 \u201cFlavio C\u00e9sar Ant\u00fanez\u201d de Ameghino, la ex intendenta Lic. Andrea Garc\u00eda comparti\u00f3 una carta cargada de recuerdos, reflexiones y emoci\u00f3n. En el texto, rememora los inicios de la instituci\u00f3n que impulsaron juntos cuando eran muy j\u00f3venes y reivindica la figura de Ant\u00fanez, [&hellip;]<\/p>\n","protected":false},"author":2,"featured_media":12939,"comment_status":"closed","ping_status":"closed","sticky":false,"template":"","format":"standard","meta":{"footnotes":"","jetpack_publicize_message":"","jetpack_publicize_feature_enabled":true,"jetpack_social_post_already_shared":true,"jetpack_social_options":{"image_generator_settings":{"template":"highway","default_image_id":0,"font":"","enabled":false},"version":2}},"categories":[8,24,31,6,37],"tags":[],"class_list":["post-12938","post","type-post","status-publish","format-standard","has-post-thumbnail","hentry","category-deportes","category-florentino-ameghino","category-importantes","category-interes-general","category-sociedad"],"jetpack_publicize_connections":[],"jetpack_featured_media_url":"https:\/\/i0.wp.com\/www.labrujulaweb.com.ar\/blog\/wp-content\/uploads\/2026\/03\/CEF-VALIDA.jpg?fit=623%2C500&ssl=1","jetpack_sharing_enabled":true,"_links":{"self":[{"href":"https:\/\/www.labrujulaweb.com.ar\/blog\/wp-json\/wp\/v2\/posts\/12938","targetHints":{"allow":["GET"]}}],"collection":[{"href":"https:\/\/www.labrujulaweb.com.ar\/blog\/wp-json\/wp\/v2\/posts"}],"about":[{"href":"https:\/\/www.labrujulaweb.com.ar\/blog\/wp-json\/wp\/v2\/types\/post"}],"author":[{"embeddable":true,"href":"https:\/\/www.labrujulaweb.com.ar\/blog\/wp-json\/wp\/v2\/users\/2"}],"replies":[{"embeddable":true,"href":"https:\/\/www.labrujulaweb.com.ar\/blog\/wp-json\/wp\/v2\/comments?post=12938"}],"version-history":[{"count":4,"href":"https:\/\/www.labrujulaweb.com.ar\/blog\/wp-json\/wp\/v2\/posts\/12938\/revisions"}],"predecessor-version":[{"id":12943,"href":"https:\/\/www.labrujulaweb.com.ar\/blog\/wp-json\/wp\/v2\/posts\/12938\/revisions\/12943"}],"wp:featuredmedia":[{"embeddable":true,"href":"https:\/\/www.labrujulaweb.com.ar\/blog\/wp-json\/wp\/v2\/media\/12939"}],"wp:attachment":[{"href":"https:\/\/www.labrujulaweb.com.ar\/blog\/wp-json\/wp\/v2\/media?parent=12938"}],"wp:term":[{"taxonomy":"category","embeddable":true,"href":"https:\/\/www.labrujulaweb.com.ar\/blog\/wp-json\/wp\/v2\/categories?post=12938"},{"taxonomy":"post_tag","embeddable":true,"href":"https:\/\/www.labrujulaweb.com.ar\/blog\/wp-json\/wp\/v2\/tags?post=12938"}],"curies":[{"name":"wp","href":"https:\/\/api.w.org\/{rel}","templated":true}]}}