{"id":12946,"date":"2026-03-11T12:04:07","date_gmt":"2026-03-11T15:04:07","guid":{"rendered":"https:\/\/www.labrujulaweb.com.ar\/blog\/?p=12946"},"modified":"2026-03-14T16:55:15","modified_gmt":"2026-03-14T19:55:15","slug":"ameghino-presente-en-corea-el-maestro-cova-participara-del-60-aniversario-de-la-itf","status":"publish","type":"post","link":"https:\/\/www.labrujulaweb.com.ar\/blog\/interes-general\/ameghino-presente-en-corea-el-maestro-cova-participara-del-60-aniversario-de-la-itf\/","title":{"rendered":"Ameghino presente en Corea: el maestro Cova participar\u00e1 del 60\u00b0 aniversario de la ITF"},"content":{"rendered":"\n<p class=\"has-black-color has-text-color has-link-color wp-elements-02b683fe76738251e15e385ef57d9288\"><strong><em>El entrenador nacional y director de la TAA-Cova, con sede en Florentino Ameghino y presencia en toda la regi\u00f3n, participar\u00e1 en Se\u00fal de las celebraciones oficiales por los 60 a\u00f1os de la Federaci\u00f3n Internacional de Taekwondo.<\/em><\/strong><\/p>\n\n\n\n<p class=\"has-black-color has-text-color has-link-color wp-elements-ebc7e0dd90adfbd048dc7becb3d76ff5\">Las actividades se desarrollar\u00e1n principalmente durante el fin de semana del <strong>21 y 22 de marzo<\/strong>, en el marco del <strong>Seminario de Embajadores de la ITF<\/strong>, que tendr\u00e1 lugar en la sala internacional de conferencias del <strong>Seoul Global Center<\/strong>, uno de los espacios institucionales m\u00e1s importantes de la ciudad.<\/p>\n\n\n\n<p class=\"has-black-color has-text-color has-link-color wp-elements-0306b46a844c089c4ed8fffeef608519\">Cova formar\u00e1 parte de la delegaci\u00f3n argentina que representar\u00e1 al pa\u00eds en este importante encuentro internacional. El grupo fue designado por la <strong>Confederaci\u00f3n Argentina de Taekwondo ITF<\/strong>, encabezada por su presidente <strong>N\u00e9stor Galarraga<\/strong>.<\/p>\n\n\n\n<p class=\"has-black-color has-text-color has-link-color wp-elements-2b079372625664df550f13708b2eb1f7\">La delegaci\u00f3n estar\u00e1 integrada adem\u00e1s por los profesores <strong>Lucas Montani<\/strong>, de la ciudad de Lincoln, y <strong>Gabriel Balvidares<\/strong>, de Jun\u00edn, quienes acompa\u00f1ar\u00e1n al maestro ameghinense en esta experiencia que reunir\u00e1 a referentes del taekwondo de distintos pa\u00edses.<\/p>\n\n\n\n<p class=\"has-black-color has-text-color has-link-color wp-elements-04b43a765b9daa1f6b27b5e3a6ca1d16\">Durante su estad\u00eda en Corea del Sur, el maestro ameghinense tambi\u00e9n participar\u00e1 del congreso internacional y de la gala conmemorativa que se realizar\u00e1 en el hotel The Westin Josun, adem\u00e1s de recorrer algunos de los sitios m\u00e1s emblem\u00e1ticos de la cultura asi\u00e1tica.<\/p>\n\n\n\n<p class=\"has-black-color has-text-color has-link-color wp-elements-f0a1752fa242fe6fde1ff20fb641d13a\">La participaci\u00f3n de Cova en este encuentro internacional representa un nuevo reconocimiento a su trayectoria en la disciplina y al trabajo que desarrolla desde Ameghino a trav\u00e9s de la TAA-Cova, instituci\u00f3n que cuenta con presencia en distintas localidades de la regi\u00f3n.<\/p>\n\n\n\n<p><\/p>\n","protected":false},"excerpt":{"rendered":"<p>El entrenador nacional y director de la TAA-Cova, con sede en Florentino Ameghino y presencia en toda la regi\u00f3n, participar\u00e1 en Se\u00fal de las celebraciones oficiales por los 60 a\u00f1os de la Federaci\u00f3n Internacional de Taekwondo. Las actividades se desarrollar\u00e1n principalmente durante el fin de semana del 21 y 22 de marzo, en el marco [&hellip;]<\/p>\n","protected":false},"author":2,"featured_media":12947,"comment_status":"closed","ping_status":"closed","sticky":false,"template":"","format":"standard","meta":{"footnotes":"","jetpack_publicize_message":"","jetpack_publicize_feature_enabled":true,"jetpack_social_post_already_shared":true,"jetpack_social_options":{"image_generator_settings":{"template":"highway","default_image_id":0,"font":"","enabled":false},"version":2}},"categories":[8,24,31,6,37],"tags":[],"class_list":["post-12946","post","type-post","status-publish","format-standard","has-post-thumbnail","hentry","category-deportes","category-florentino-ameghino","category-importantes","category-interes-general","category-sociedad"],"jetpack_publicize_connections":[],"jetpack_featured_media_url":"https:\/\/i0.wp.com\/www.labrujulaweb.com.ar\/blog\/wp-content\/uploads\/2026\/03\/COVA-VALIDA.jpg?fit=464%2C500&ssl=1","jetpack_sharing_enabled":true,"_links":{"self":[{"href":"https:\/\/www.labrujulaweb.com.ar\/blog\/wp-json\/wp\/v2\/posts\/12946","targetHints":{"allow":["GET"]}}],"collection":[{"href":"https:\/\/www.labrujulaweb.com.ar\/blog\/wp-json\/wp\/v2\/posts"}],"about":[{"href":"https:\/\/www.labrujulaweb.com.ar\/blog\/wp-json\/wp\/v2\/types\/post"}],"author":[{"embeddable":true,"href":"https:\/\/www.labrujulaweb.com.ar\/blog\/wp-json\/wp\/v2\/users\/2"}],"replies":[{"embeddable":true,"href":"https:\/\/www.labrujulaweb.com.ar\/blog\/wp-json\/wp\/v2\/comments?post=12946"}],"version-history":[{"count":1,"href":"https:\/\/www.labrujulaweb.com.ar\/blog\/wp-json\/wp\/v2\/posts\/12946\/revisions"}],"predecessor-version":[{"id":12948,"href":"https:\/\/www.labrujulaweb.com.ar\/blog\/wp-json\/wp\/v2\/posts\/12946\/revisions\/12948"}],"wp:featuredmedia":[{"embeddable":true,"href":"https:\/\/www.labrujulaweb.com.ar\/blog\/wp-json\/wp\/v2\/media\/12947"}],"wp:attachment":[{"href":"https:\/\/www.labrujulaweb.com.ar\/blog\/wp-json\/wp\/v2\/media?parent=12946"}],"wp:term":[{"taxonomy":"category","embeddable":true,"href":"https:\/\/www.labrujulaweb.com.ar\/blog\/wp-json\/wp\/v2\/categories?post=12946"},{"taxonomy":"post_tag","embeddable":true,"href":"https:\/\/www.labrujulaweb.com.ar\/blog\/wp-json\/wp\/v2\/tags?post=12946"}],"curies":[{"name":"wp","href":"https:\/\/api.w.org\/{rel}","templated":true}]}}