{"id":12949,"date":"2026-03-11T23:20:07","date_gmt":"2026-03-12T02:20:07","guid":{"rendered":"https:\/\/www.labrujulaweb.com.ar\/blog\/?p=12949"},"modified":"2026-03-14T17:30:16","modified_gmt":"2026-03-14T20:30:16","slug":"ameghino-mittelbach-inauguro-las-sesiones-ordinarias-a-nosotros-no-nos-guia-la-motosierra-ni-el-no-hay-plata-nos-guia-hacer-con-lo-que-tenemos","status":"publish","type":"post","link":"https:\/\/www.labrujulaweb.com.ar\/blog\/interes-general\/ameghino-mittelbach-inauguro-las-sesiones-ordinarias-a-nosotros-no-nos-guia-la-motosierra-ni-el-no-hay-plata-nos-guia-hacer-con-lo-que-tenemos\/","title":{"rendered":"Ameghino: Mittelbach inaugur\u00f3 las sesiones ordinarias \u201cA nosotros no nos gu\u00eda la motosierra ni el \u2018no hay plata\u2019, nos gu\u00eda hacer con lo que tenemos\u201d"},"content":{"rendered":"\n<p class=\"has-black-color has-text-color has-link-color wp-elements-ebe6b779430b012dfe6152c93c8a9f7b\"><strong><em>El intendente de Florentino Ameghino, Nahuel Mitellbach, encabez\u00f3 la apertura de un nuevo per\u00edodo de sesiones ordinarias del Concejo Deliberante, oportunidad en la que realiz\u00f3 un balance de la gesti\u00f3n municipal y traz\u00f3 los principales lineamientos de trabajo para el a\u00f1o en curso.<\/em><\/strong><\/p>\n\n\n\n<p class=\"has-black-color has-text-color has-link-color wp-elements-d3d0a6967dbe81ee5dd13bf41bdb13aa\">\u201cHoy no solo inauguramos un nuevo per\u00edodo de sesiones ordinarias, venimos a reafirmar un rumbo\u201d, comenz\u00f3 se\u00f1alando el jefe comunal en el inicio de su discurso.<\/p>\n\n\n\n<p class=\"has-black-color has-text-color has-link-color wp-elements-5a26dae1b8afca604e271a27e86375cf\">Al repasar el a\u00f1o 2025, Mitellbach reconoci\u00f3 que se trat\u00f3 de un per\u00edodo complejo desde el punto de vista econ\u00f3mico. \u201cFue un a\u00f1o marcado por la firme decisi\u00f3n de no resignar lo esencial, aun en un contexto adverso. Sin dudas fue un a\u00f1o dif\u00edcil: la ca\u00edda real de la coparticipaci\u00f3n y la disminuci\u00f3n en la recaudaci\u00f3n local impactaron directamente en nuestras finanzas\u201d, sostuvo.<\/p>\n\n\n\n<p class=\"has-black-color has-text-color has-link-color wp-elements-efaeaa98aa07d5758fdca722a582ca84\">Frente a ese escenario, explic\u00f3 que el municipio opt\u00f3 por una administraci\u00f3n prudente de los recursos. \u201cAnte esa realidad elegimos gobernar con eficiencia\u201d, afirm\u00f3.<\/p>\n\n\n\n<p class=\"has-black-color has-text-color has-link-color wp-elements-bb0b1254e733d32325eb4badf487ff6f\">En otro tramo de su mensaje, el intendente se refiri\u00f3 al rol de los gobiernos locales en el actual esquema de distribuci\u00f3n de recursos. \u201cLos municipios estamos remando pr\u00e1cticamente solos en la vocaci\u00f3n de acompa\u00f1ar a nuestros vecinos\u201d, expres\u00f3.<\/p>\n\n\n\n<p class=\"has-black-color has-text-color has-link-color wp-elements-979a85a05a9b41c214bf2d90bbb33061\">En ese sentido tambi\u00e9n plante\u00f3 la situaci\u00f3n de la presi\u00f3n tributaria y la distribuci\u00f3n de los fondos p\u00fablicos. \u201cSon los municipios quienes deben dar respuestas a pesar de recibir solo el 5% de lo tributado, cuando la Naci\u00f3n se lleva el 60% y la Provincia el 20%\u201d, se\u00f1al\u00f3.<\/p>\n\n\n\n<p class=\"has-black-color has-text-color has-link-color wp-elements-a85574a9c14e13f6fe82e916cdcd8907\">Luego de detallar distintas inversiones y acciones realizadas en \u00e1reas como salud, educaci\u00f3n, desarrollo econ\u00f3mico, desarrollo social, deporte y equipamiento municipal, Mitellbach remarc\u00f3 el criterio que gu\u00eda la gesti\u00f3n local.<\/p>\n\n\n\n<p class=\"has-black-color has-text-color has-link-color wp-elements-a64f5c1e2dcc9e1624fcffd582ea4b01\">\u201cComo gobierno a nosotros no nos gu\u00eda ni la \u2018motosierra\u2019 ni el \u2018no hay plata\u2019. A nosotros nos gu\u00eda el hacer con los recursos disponibles. Sabemos que la situaci\u00f3n econ\u00f3mica golpea a todos, pero seguimos trabajando con responsabilidad\u201d, expres\u00f3.<\/p>\n\n\n\n<p class=\"has-black-color has-text-color has-link-color wp-elements-6d921f69c1dedc16ae4b9157bfd05bab\">De cara al 2026, el intendente adelant\u00f3 que el municipio impulsar\u00e1 una serie de proyectos con impacto directo en la comunidad. Entre ellos mencion\u00f3 el desarrollo de un modelo de seguridad ciudadana orientado a fortalecer la prevenci\u00f3n y la calidad institucional.<\/p>\n\n\n\n<p class=\"has-black-color has-text-color has-link-color wp-elements-6c3bde1800e34f2d77d9f2aa689e0039\">Adem\u00e1s, se refiri\u00f3 a una problem\u00e1tica que defini\u00f3 como una de las mayores preocupaciones actuales: el aumento del consumo de drogas entre los j\u00f3venes.<\/p>\n\n\n\n<p class=\"has-black-color has-text-color has-link-color wp-elements-a38df51962703e80da94eff33e01d04d\">\u201cDesde el municipio vamos a combatir este flagelo desde todos los frentes: desde la salud y desde lo social. Pero esto no ser\u00e1 suficiente si no se persigue el delito de la venta. Las fuerzas de seguridad y la Justicia, que son quienes tienen las herramientas legales punitivas, deben ponerse realmente las pilas y hacerse responsables en serio\u201d, remarc\u00f3.<\/p>\n\n\n\n<p class=\"has-black-color has-text-color has-link-color wp-elements-84590d4745f394e6e56b3e752f834f5b\">Finalmente, Mitellbach cerr\u00f3 su mensaje con una definici\u00f3n pol\u00edtica que sintetiz\u00f3 el esp\u00edritu de su gesti\u00f3n: \u201cComo intendente de este distrito me gu\u00eda una convicci\u00f3n inquebrantable: Florentino Ameghino por encima de todo, siempre\u201d.<\/p>\n\n\n\n<figure class=\"wp-block-gallery has-nested-images columns-default is-cropped wp-block-gallery-1 is-layout-flex wp-block-gallery-is-layout-flex\">\n<figure class=\"wp-block-image size-large\"><img data-recalc-dims=\"1\" loading=\"lazy\" decoding=\"async\" width=\"577\" height=\"500\" data-id=\"12953\" src=\"https:\/\/i0.wp.com\/www.labrujulaweb.com.ar\/blog\/wp-content\/uploads\/2026\/03\/CONCEJO-1-1-1.jpg?resize=577%2C500&#038;ssl=1\" alt=\"\" class=\"wp-image-12953\" srcset=\"https:\/\/i0.wp.com\/www.labrujulaweb.com.ar\/blog\/wp-content\/uploads\/2026\/03\/CONCEJO-1-1-1.jpg?w=577&amp;ssl=1 577w, https:\/\/i0.wp.com\/www.labrujulaweb.com.ar\/blog\/wp-content\/uploads\/2026\/03\/CONCEJO-1-1-1.jpg?resize=300%2C260&amp;ssl=1 300w\" sizes=\"auto, (max-width: 577px) 100vw, 577px\" \/><\/figure>\n\n\n\n<figure class=\"wp-block-image size-large\"><img data-recalc-dims=\"1\" loading=\"lazy\" decoding=\"async\" width=\"640\" height=\"399\" data-id=\"12954\" src=\"https:\/\/i0.wp.com\/www.labrujulaweb.com.ar\/blog\/wp-content\/uploads\/2026\/03\/concejo-2-valid.jpg?resize=640%2C399&#038;ssl=1\" alt=\"\" class=\"wp-image-12954\" srcset=\"https:\/\/i0.wp.com\/www.labrujulaweb.com.ar\/blog\/wp-content\/uploads\/2026\/03\/concejo-2-valid.jpg?w=803&amp;ssl=1 803w, https:\/\/i0.wp.com\/www.labrujulaweb.com.ar\/blog\/wp-content\/uploads\/2026\/03\/concejo-2-valid.jpg?resize=300%2C187&amp;ssl=1 300w, https:\/\/i0.wp.com\/www.labrujulaweb.com.ar\/blog\/wp-content\/uploads\/2026\/03\/concejo-2-valid.jpg?resize=768%2C478&amp;ssl=1 768w\" sizes=\"auto, (max-width: 640px) 100vw, 640px\" \/><\/figure>\n\n\n\n<figure class=\"wp-block-image size-large\"><img data-recalc-dims=\"1\" loading=\"lazy\" decoding=\"async\" width=\"640\" height=\"384\" data-id=\"12952\" src=\"https:\/\/i0.wp.com\/www.labrujulaweb.com.ar\/blog\/wp-content\/uploads\/2026\/03\/concejo3-.jpg?resize=640%2C384&#038;ssl=1\" alt=\"\" class=\"wp-image-12952\" srcset=\"https:\/\/i0.wp.com\/www.labrujulaweb.com.ar\/blog\/wp-content\/uploads\/2026\/03\/concejo3-.jpg?w=834&amp;ssl=1 834w, https:\/\/i0.wp.com\/www.labrujulaweb.com.ar\/blog\/wp-content\/uploads\/2026\/03\/concejo3-.jpg?resize=300%2C180&amp;ssl=1 300w, https:\/\/i0.wp.com\/www.labrujulaweb.com.ar\/blog\/wp-content\/uploads\/2026\/03\/concejo3-.jpg?resize=768%2C460&amp;ssl=1 768w\" sizes=\"auto, (max-width: 640px) 100vw, 640px\" \/><\/figure>\n<\/figure>\n\n\n\n<figure class=\"wp-block-gallery has-nested-images columns-default is-cropped wp-block-gallery-2 is-layout-flex wp-block-gallery-is-layout-flex\">\n<figure class=\"wp-block-image size-large\"><img data-recalc-dims=\"1\" loading=\"lazy\" decoding=\"async\" width=\"640\" height=\"295\" data-id=\"12957\" src=\"https:\/\/i0.wp.com\/www.labrujulaweb.com.ar\/blog\/wp-content\/uploads\/2026\/03\/concejo4-1.jpg?resize=640%2C295&#038;ssl=1\" alt=\"\" class=\"wp-image-12957\" srcset=\"https:\/\/i0.wp.com\/www.labrujulaweb.com.ar\/blog\/wp-content\/uploads\/2026\/03\/concejo4-1.jpg?resize=1024%2C472&amp;ssl=1 1024w, https:\/\/i0.wp.com\/www.labrujulaweb.com.ar\/blog\/wp-content\/uploads\/2026\/03\/concejo4-1.jpg?resize=300%2C138&amp;ssl=1 300w, https:\/\/i0.wp.com\/www.labrujulaweb.com.ar\/blog\/wp-content\/uploads\/2026\/03\/concejo4-1.jpg?resize=768%2C354&amp;ssl=1 768w, https:\/\/i0.wp.com\/www.labrujulaweb.com.ar\/blog\/wp-content\/uploads\/2026\/03\/concejo4-1.jpg?w=1085&amp;ssl=1 1085w\" sizes=\"auto, (max-width: 640px) 100vw, 640px\" \/><\/figure>\n\n\n\n<figure class=\"wp-block-image size-large\"><img data-recalc-dims=\"1\" loading=\"lazy\" decoding=\"async\" width=\"640\" height=\"398\" data-id=\"12958\" src=\"https:\/\/i0.wp.com\/www.labrujulaweb.com.ar\/blog\/wp-content\/uploads\/2026\/03\/concejo23.jpg?resize=640%2C398&#038;ssl=1\" alt=\"\" class=\"wp-image-12958\" srcset=\"https:\/\/i0.wp.com\/www.labrujulaweb.com.ar\/blog\/wp-content\/uploads\/2026\/03\/concejo23.jpg?w=804&amp;ssl=1 804w, https:\/\/i0.wp.com\/www.labrujulaweb.com.ar\/blog\/wp-content\/uploads\/2026\/03\/concejo23.jpg?resize=300%2C187&amp;ssl=1 300w, https:\/\/i0.wp.com\/www.labrujulaweb.com.ar\/blog\/wp-content\/uploads\/2026\/03\/concejo23.jpg?resize=768%2C478&amp;ssl=1 768w\" sizes=\"auto, (max-width: 640px) 100vw, 640px\" \/><\/figure>\n\n\n\n<figure class=\"wp-block-image size-large\"><img data-recalc-dims=\"1\" loading=\"lazy\" decoding=\"async\" width=\"640\" height=\"296\" data-id=\"12959\" src=\"https:\/\/i0.wp.com\/www.labrujulaweb.com.ar\/blog\/wp-content\/uploads\/2026\/03\/concjo5-1.jpg?resize=640%2C296&#038;ssl=1\" alt=\"\" class=\"wp-image-12959\" srcset=\"https:\/\/i0.wp.com\/www.labrujulaweb.com.ar\/blog\/wp-content\/uploads\/2026\/03\/concjo5-1.jpg?resize=1024%2C474&amp;ssl=1 1024w, https:\/\/i0.wp.com\/www.labrujulaweb.com.ar\/blog\/wp-content\/uploads\/2026\/03\/concjo5-1.jpg?resize=300%2C139&amp;ssl=1 300w, https:\/\/i0.wp.com\/www.labrujulaweb.com.ar\/blog\/wp-content\/uploads\/2026\/03\/concjo5-1.jpg?resize=768%2C356&amp;ssl=1 768w, https:\/\/i0.wp.com\/www.labrujulaweb.com.ar\/blog\/wp-content\/uploads\/2026\/03\/concjo5-1.jpg?w=1080&amp;ssl=1 1080w\" sizes=\"auto, (max-width: 640px) 100vw, 640px\" \/><\/figure>\n<\/figure>\n","protected":false},"excerpt":{"rendered":"<p>El intendente de Florentino Ameghino, Nahuel Mitellbach, encabez\u00f3 la apertura de un nuevo per\u00edodo de sesiones ordinarias del Concejo Deliberante, oportunidad en la que realiz\u00f3 un balance de la gesti\u00f3n municipal y traz\u00f3 los principales lineamientos de trabajo para el a\u00f1o en curso. \u201cHoy no solo inauguramos un nuevo per\u00edodo de sesiones ordinarias, venimos a [&hellip;]<\/p>\n","protected":false},"author":2,"featured_media":12950,"comment_status":"closed","ping_status":"closed","sticky":false,"template":"","format":"standard","meta":{"footnotes":"","jetpack_publicize_message":"","jetpack_publicize_feature_enabled":true,"jetpack_social_post_already_shared":true,"jetpack_social_options":{"image_generator_settings":{"template":"highway","default_image_id":0,"font":"","enabled":false},"version":2}},"categories":[24,31,6,9,29,37],"tags":[],"class_list":["post-12949","post","type-post","status-publish","format-standard","has-post-thumbnail","hentry","category-florentino-ameghino","category-importantes","category-interes-general","category-municipios","category-politica-estado","category-sociedad"],"jetpack_publicize_connections":[],"jetpack_featured_media_url":"https:\/\/i0.wp.com\/www.labrujulaweb.com.ar\/blog\/wp-content\/uploads\/2026\/03\/SESION-VALIDA.jpg?fit=710%2C500&ssl=1","jetpack_sharing_enabled":true,"_links":{"self":[{"href":"https:\/\/www.labrujulaweb.com.ar\/blog\/wp-json\/wp\/v2\/posts\/12949","targetHints":{"allow":["GET"]}}],"collection":[{"href":"https:\/\/www.labrujulaweb.com.ar\/blog\/wp-json\/wp\/v2\/posts"}],"about":[{"href":"https:\/\/www.labrujulaweb.com.ar\/blog\/wp-json\/wp\/v2\/types\/post"}],"author":[{"embeddable":true,"href":"https:\/\/www.labrujulaweb.com.ar\/blog\/wp-json\/wp\/v2\/users\/2"}],"replies":[{"embeddable":true,"href":"https:\/\/www.labrujulaweb.com.ar\/blog\/wp-json\/wp\/v2\/comments?post=12949"}],"version-history":[{"count":1,"href":"https:\/\/www.labrujulaweb.com.ar\/blog\/wp-json\/wp\/v2\/posts\/12949\/revisions"}],"predecessor-version":[{"id":12960,"href":"https:\/\/www.labrujulaweb.com.ar\/blog\/wp-json\/wp\/v2\/posts\/12949\/revisions\/12960"}],"wp:featuredmedia":[{"embeddable":true,"href":"https:\/\/www.labrujulaweb.com.ar\/blog\/wp-json\/wp\/v2\/media\/12950"}],"wp:attachment":[{"href":"https:\/\/www.labrujulaweb.com.ar\/blog\/wp-json\/wp\/v2\/media?parent=12949"}],"wp:term":[{"taxonomy":"category","embeddable":true,"href":"https:\/\/www.labrujulaweb.com.ar\/blog\/wp-json\/wp\/v2\/categories?post=12949"},{"taxonomy":"post_tag","embeddable":true,"href":"https:\/\/www.labrujulaweb.com.ar\/blog\/wp-json\/wp\/v2\/tags?post=12949"}],"curies":[{"name":"wp","href":"https:\/\/api.w.org\/{rel}","templated":true}]}}