{"id":1295,"date":"2020-09-18T16:57:56","date_gmt":"2020-09-18T16:57:56","guid":{"rendered":"http:\/\/www.labrujulaweb.com.ar\/blog\/?p=1295"},"modified":"2020-09-18T17:13:43","modified_gmt":"2020-09-18T17:13:43","slug":"c-tejedor-fueron-hisopados-todos-los-residentes-del-hogar-de-ancianos","status":"publish","type":"post","link":"https:\/\/www.labrujulaweb.com.ar\/blog\/destacadas\/c-tejedor-fueron-hisopados-todos-los-residentes-del-hogar-de-ancianos\/","title":{"rendered":"C. Tejedor: Fueron hisopados todos los residentes del Hogar de Ancianos"},"content":{"rendered":"\n<p>Lo anunciaron hoy Viernes Directivos del  Hospital Municipal E Y S Garr\u00e9 Que: <strong>\u00aba trav\u00e9s de un convenio entre CONICET La Plata, el Ministerio de Salud de la Provincia de Buenos Aires y la Universidad Nacional de La Plata<\/strong>\u00ab, instituciones que desde el inicio de la pandemia pusieron al servicio de las autoridades su capacidad cient\u00edfica y tecnol\u00f3gica para la realizaci\u00f3n de test de diagn\u00f3stico para la detecci\u00f3n de casos de coronavirus, <strong>se realizaron 52 hisopados en el Hogar de Ancianos San Jos\u00e9, los cuales arrojaron resultado NEGATIVO en su totalidad.<\/strong><\/p>\n\n\n\n<div class=\"wp-block-image\"><figure class=\"alignleft size-large is-resized\"><img data-recalc-dims=\"1\" loading=\"lazy\" decoding=\"async\" src=\"https:\/\/i0.wp.com\/www.labrujulaweb.com.ar\/blog\/wp-content\/uploads\/2020\/09\/HOGAR-S-JOSE-2.jpg?resize=272%2C204\" alt=\"\" class=\"wp-image-1301\" width=\"272\" height=\"204\" srcset=\"https:\/\/i0.wp.com\/www.labrujulaweb.com.ar\/blog\/wp-content\/uploads\/2020\/09\/HOGAR-S-JOSE-2.jpg?w=259&amp;ssl=1 259w, https:\/\/i0.wp.com\/www.labrujulaweb.com.ar\/blog\/wp-content\/uploads\/2020\/09\/HOGAR-S-JOSE-2.jpg?resize=136%2C102&amp;ssl=1 136w\" sizes=\"auto, (max-width: 272px) 100vw, 272px\" \/><\/figure><\/div>\n\n\n\n<p>Esta noticia reforz\u00f3 la tranquilidad de autoridades y ciudadanos del Distrito.<\/p>\n\n\n\n<p><\/p>\n","protected":false},"excerpt":{"rendered":"<p> Son 52 los adultos mayores que viven en el Hogar San Jos\u00e9 .<\/p>\n","protected":false},"author":2,"featured_media":1303,"comment_status":"open","ping_status":"open","sticky":false,"template":"","format":"standard","meta":{"footnotes":"","jetpack_publicize_message":"","jetpack_publicize_feature_enabled":true,"jetpack_social_post_already_shared":true,"jetpack_social_options":{"image_generator_settings":{"template":"highway","default_image_id":0,"font":"","enabled":false},"version":2}},"categories":[26,28,2,6],"tags":[],"class_list":["post-1295","post","type-post","status-publish","format-standard","has-post-thumbnail","hentry","category-carlos-tejedor","category-salud-covid19","category-destacadas","category-interes-general"],"jetpack_publicize_connections":[],"jetpack_featured_media_url":"https:\/\/i0.wp.com\/www.labrujulaweb.com.ar\/blog\/wp-content\/uploads\/2020\/09\/11Hogar-S-Jose-Valida.jpg?fit=913%2C500&ssl=1","jetpack_sharing_enabled":true,"_links":{"self":[{"href":"https:\/\/www.labrujulaweb.com.ar\/blog\/wp-json\/wp\/v2\/posts\/1295","targetHints":{"allow":["GET"]}}],"collection":[{"href":"https:\/\/www.labrujulaweb.com.ar\/blog\/wp-json\/wp\/v2\/posts"}],"about":[{"href":"https:\/\/www.labrujulaweb.com.ar\/blog\/wp-json\/wp\/v2\/types\/post"}],"author":[{"embeddable":true,"href":"https:\/\/www.labrujulaweb.com.ar\/blog\/wp-json\/wp\/v2\/users\/2"}],"replies":[{"embeddable":true,"href":"https:\/\/www.labrujulaweb.com.ar\/blog\/wp-json\/wp\/v2\/comments?post=1295"}],"version-history":[{"count":2,"href":"https:\/\/www.labrujulaweb.com.ar\/blog\/wp-json\/wp\/v2\/posts\/1295\/revisions"}],"predecessor-version":[{"id":1302,"href":"https:\/\/www.labrujulaweb.com.ar\/blog\/wp-json\/wp\/v2\/posts\/1295\/revisions\/1302"}],"wp:featuredmedia":[{"embeddable":true,"href":"https:\/\/www.labrujulaweb.com.ar\/blog\/wp-json\/wp\/v2\/media\/1303"}],"wp:attachment":[{"href":"https:\/\/www.labrujulaweb.com.ar\/blog\/wp-json\/wp\/v2\/media?parent=1295"}],"wp:term":[{"taxonomy":"category","embeddable":true,"href":"https:\/\/www.labrujulaweb.com.ar\/blog\/wp-json\/wp\/v2\/categories?post=1295"},{"taxonomy":"post_tag","embeddable":true,"href":"https:\/\/www.labrujulaweb.com.ar\/blog\/wp-json\/wp\/v2\/tags?post=1295"}],"curies":[{"name":"wp","href":"https:\/\/api.w.org\/{rel}","templated":true}]}}