{"id":12961,"date":"2026-03-12T22:23:56","date_gmt":"2026-03-13T01:23:56","guid":{"rendered":"https:\/\/www.labrujulaweb.com.ar\/blog\/?p=12961"},"modified":"2026-03-15T20:25:48","modified_gmt":"2026-03-15T23:25:48","slug":"ameghino-robo-en-la-agencia-multimarcas-el-abogado-eduardo-maffia-explico-por-que-la-camara-anulo-los-allanamientos-y-como-esta-la-causa-hoy-nota","status":"publish","type":"post","link":"https:\/\/www.labrujulaweb.com.ar\/blog\/interes-general\/ameghino-robo-en-la-agencia-multimarcas-el-abogado-eduardo-maffia-explico-por-que-la-camara-anulo-los-allanamientos-y-como-esta-la-causa-hoy-nota\/","title":{"rendered":"Ameghino. Robo en la agencia Multimarcas: el abogado Eduardo Maffia explic\u00f3 por qu\u00e9 la C\u00e1mara anul\u00f3 los allanamientos y como est\u00e1 la causa hoy-Nota-"},"content":{"rendered":"\n<p class=\"has-black-color has-text-color has-link-color wp-elements-e263faccc6d3fcdff438c5fd1920f1aa\"><strong><em>El abogado penalista Dr. Eduardo Maffia, defensor de dos de los vecinos de Ameghino que hab\u00edan sido detenidos en el marco de la investigaci\u00f3n por el robo a la agencia Multimarcas, dialog\u00f3 con La Br\u00fajula luego de que la C\u00e1mara resolviera anular los allanamientos realizados durante el inicio de la causa<\/em><\/strong> <strong><em>y explic\u00f3 c\u00f3mo se encuentra hoy la causa<\/em><\/strong><\/p>\n\n\n\n<p class=\"has-black-color has-text-color has-link-color wp-elements-1cde7737b627155c3aecd334a7eb26ed\">El letrado explic\u00f3 que la anulaci\u00f3n implica dejar sin efecto esos procedimientos dentro del proceso judicial.<\/p>\n\n\n\n<blockquote class=\"wp-block-quote is-layout-flow wp-block-quote-is-layout-flow\">\n<p class=\"has-black-color has-text-color has-link-color wp-elements-832ffe3e37220a907a50c0605632899c\">\u201cLa anulaci\u00f3n de los allanamientos es concretamente dejarlos sin efecto\u201d, se\u00f1al\u00f3.<\/p>\n<\/blockquote>\n\n\n\n<p class=\"has-black-color has-text-color has-link-color wp-elements-82e18de8a7eb8e915a898e2279159f69\">Seg\u00fan explic\u00f3, en una primera instancia la <strong>jueza de Garant\u00edas<\/strong> hab\u00eda convalidado los procedimientos realizados por la Fiscal\u00eda.<\/p>\n\n\n\n<blockquote class=\"wp-block-quote is-layout-flow wp-block-quote-is-layout-flow\">\n<p class=\"has-black-color has-text-color has-link-color wp-elements-86ff4faec09a77986156ebdf0c0aaf09\">\u201cLa primera opini\u00f3n fue la de la jueza de Garant\u00edas, quien convalid\u00f3 los allanamientos y dijo que eran v\u00e1lidos\u201d, explic\u00f3 Maffia.<\/p>\n<\/blockquote>\n\n\n\n<p class=\"has-black-color has-text-color has-link-color wp-elements-1705d3fb17bb89765f7f4d194cdcfc2a\">Sin embargo, el abogado decidi\u00f3 presentar un recurso de apelaci\u00f3n al considerar que no estaban acreditadas las condiciones excepcionales que justifican un allanamiento por urgencia, contemplado en el <strong>art\u00edculo 219 del C\u00f3digo Procesal Penal<\/strong>.<\/p>\n\n\n\n<p class=\"has-black-color has-text-color has-link-color wp-elements-03aa30837b1e80a9b6e2eefbf60ada57\"><strong><em>NOTA<\/em><\/strong><\/p>\n\n\n\n<figure class=\"wp-block-embed is-type-video is-provider-youtube wp-block-embed-youtube wp-embed-aspect-16-9 wp-has-aspect-ratio\"><div class=\"wp-block-embed__wrapper\">\n<div class=\"jetpack-video-wrapper\"><iframe loading=\"lazy\" title=\"Dr. Eduardo Maf\u00eda -Abogado Penalista\" width=\"640\" height=\"360\" src=\"https:\/\/www.youtube.com\/embed\/4_ilTfOZCPI?feature=oembed\" frameborder=\"0\" allow=\"accelerometer; autoplay; clipboard-write; encrypted-media; gyroscope; picture-in-picture; web-share\" referrerpolicy=\"strict-origin-when-cross-origin\" allowfullscreen><\/iframe><\/div>\n<\/div><\/figure>\n\n\n\n<blockquote class=\"wp-block-quote is-layout-flow wp-block-quote-is-layout-flow\">\n<p class=\"has-black-color has-text-color has-link-color wp-elements-d4742f4d19b3951a46470eaab8d6a527\">\u201cCuando la jueza convalida, yo presento un recurso de apelaci\u00f3n porque consider\u00e9 que esos allanamientos que se hab\u00edan hecho en la urgencia no demostraban cu\u00e1les eran los motivos que habilitaban ir por esa v\u00eda\u201d, detall\u00f3.<\/p>\n<\/blockquote>\n\n\n\n<p class=\"has-black-color has-text-color has-link-color wp-elements-5364ef780da5da34984d1fbf4e266326\">Maffia aclar\u00f3 que la herramienta legal utilizada por la Fiscal\u00eda est\u00e1 contemplada dentro del C\u00f3digo Procesal Penal, aunque remarc\u00f3 que debe aplicarse en situaciones verdaderamente excepcionales.<\/p>\n\n\n\n<blockquote class=\"wp-block-quote is-layout-flow wp-block-quote-is-layout-flow\">\n<p class=\"has-black-color has-text-color has-link-color wp-elements-172ae1fe17bd9bffcae1ea73e5426b48\">\u201cLa Fiscal\u00eda us\u00f3 una herramienta v\u00e1lida en el C\u00f3digo Procesal Penal, que es el allanamiento en la urgencia, aunque a veces se hace un abuso de esa herramienta excepcional y muy buena\u201d, afirm\u00f3.<\/p>\n<\/blockquote>\n\n\n\n<p class=\"has-black-color has-text-color has-link-color wp-elements-3264503a98773e672ded544867109491\">El abogado tambi\u00e9n se refiri\u00f3 al impacto que tuvo la detenci\u00f3n en sus defendidos.<\/p>\n\n\n\n<blockquote class=\"wp-block-quote is-layout-flow wp-block-quote-is-layout-flow\">\n<p class=\"has-black-color has-text-color has-link-color wp-elements-8b8f0da28f0609668e0ef2cb7b7cf103\">\u201cMis defendidos vivieron el proceso de detenci\u00f3n como se vive estando privado de la libertad\u2026 mal\u201d, expres\u00f3.<\/p>\n<\/blockquote>\n\n\n\n<p class=\"has-black-color has-text-color has-link-color wp-elements-c6256b6fe8faacb499416e96c57d5da6\">En relaci\u00f3n al estado actual del expediente, explic\u00f3 que la causa contin\u00faa en tr\u00e1mite y que ahora la Fiscal\u00eda realiz\u00f3 la reserva para interponer un recurso de casaci\u00f3n, por lo que ser\u00e1 un tribunal superior el que deber\u00e1 analizar si la decisi\u00f3n de la C\u00e1mara fue correcta o no, en esa instancia est\u00e1 hoy la causa\u201d, concluy\u00f3.<\/p>\n","protected":false},"excerpt":{"rendered":"<p>El abogado penalista Dr. Eduardo Maffia, defensor de dos de los vecinos de Ameghino que hab\u00edan sido detenidos en el marco de la investigaci\u00f3n por el robo a la agencia Multimarcas, dialog\u00f3 con La Br\u00fajula luego de que la C\u00e1mara resolviera anular los allanamientos realizados durante el inicio de la causa y explic\u00f3 c\u00f3mo se [&hellip;]<\/p>\n","protected":false},"author":2,"featured_media":12962,"comment_status":"closed","ping_status":"closed","sticky":false,"template":"","format":"standard","meta":{"footnotes":"","jetpack_publicize_message":"","jetpack_publicize_feature_enabled":true,"jetpack_social_post_already_shared":true,"jetpack_social_options":{"image_generator_settings":{"template":"highway","default_image_id":0,"font":"","enabled":false},"version":2}},"categories":[24,31,6,34,37],"tags":[],"class_list":["post-12961","post","type-post","status-publish","format-standard","has-post-thumbnail","hentry","category-florentino-ameghino","category-importantes","category-interes-general","category-policial","category-sociedad"],"jetpack_publicize_connections":[],"jetpack_featured_media_url":"https:\/\/i0.wp.com\/www.labrujulaweb.com.ar\/blog\/wp-content\/uploads\/2026\/03\/MAFFIA-32-VALIDA.png?fit=657%2C500&ssl=1","jetpack_sharing_enabled":true,"_links":{"self":[{"href":"https:\/\/www.labrujulaweb.com.ar\/blog\/wp-json\/wp\/v2\/posts\/12961","targetHints":{"allow":["GET"]}}],"collection":[{"href":"https:\/\/www.labrujulaweb.com.ar\/blog\/wp-json\/wp\/v2\/posts"}],"about":[{"href":"https:\/\/www.labrujulaweb.com.ar\/blog\/wp-json\/wp\/v2\/types\/post"}],"author":[{"embeddable":true,"href":"https:\/\/www.labrujulaweb.com.ar\/blog\/wp-json\/wp\/v2\/users\/2"}],"replies":[{"embeddable":true,"href":"https:\/\/www.labrujulaweb.com.ar\/blog\/wp-json\/wp\/v2\/comments?post=12961"}],"version-history":[{"count":1,"href":"https:\/\/www.labrujulaweb.com.ar\/blog\/wp-json\/wp\/v2\/posts\/12961\/revisions"}],"predecessor-version":[{"id":12963,"href":"https:\/\/www.labrujulaweb.com.ar\/blog\/wp-json\/wp\/v2\/posts\/12961\/revisions\/12963"}],"wp:featuredmedia":[{"embeddable":true,"href":"https:\/\/www.labrujulaweb.com.ar\/blog\/wp-json\/wp\/v2\/media\/12962"}],"wp:attachment":[{"href":"https:\/\/www.labrujulaweb.com.ar\/blog\/wp-json\/wp\/v2\/media?parent=12961"}],"wp:term":[{"taxonomy":"category","embeddable":true,"href":"https:\/\/www.labrujulaweb.com.ar\/blog\/wp-json\/wp\/v2\/categories?post=12961"},{"taxonomy":"post_tag","embeddable":true,"href":"https:\/\/www.labrujulaweb.com.ar\/blog\/wp-json\/wp\/v2\/tags?post=12961"}],"curies":[{"name":"wp","href":"https:\/\/api.w.org\/{rel}","templated":true}]}}