{"id":13141,"date":"2026-04-30T11:34:59","date_gmt":"2026-04-30T14:34:59","guid":{"rendered":"https:\/\/www.labrujulaweb.com.ar\/blog\/?p=13141"},"modified":"2026-04-30T11:36:59","modified_gmt":"2026-04-30T14:36:59","slug":"ameghino-la-cooperativa-electrica-realizo-su-asamblea-anual-ordinaria-quedando-conformada-la-lista-n-1","status":"publish","type":"post","link":"https:\/\/www.labrujulaweb.com.ar\/blog\/destacadas\/ameghino-la-cooperativa-electrica-realizo-su-asamblea-anual-ordinaria-quedando-conformada-la-lista-n-1\/","title":{"rendered":"Ameghino-La Cooperativa El\u00e9ctrica realiz\u00f3 su Asamblea Anual Ordinaria quedando conformada la lista N\u00b0 1"},"content":{"rendered":"\n<p class=\"has-black-color has-text-color has-link-color wp-elements-dbbf20c1aedc7d911738090116d9c08c\"><strong><em>En la jornada de ayer se llev\u00f3 a cabo la Asamblea Anual Ordinaria de la Cooperativa El\u00e9ctrica de Ameghino Ltda., con la participaci\u00f3n de asociados y miembros del Consejo de Administraci\u00f3n.<\/em><\/strong><\/p>\n\n\n\n<p class=\"has-black-color has-text-color has-link-color wp-elements-1ef625b48ba8ec70a131fc92a446d00a\">Durante el encuentro se present\u00f3 un informe detallado sobre la situaci\u00f3n econ\u00f3mica, financiera y operativa de la instituci\u00f3n, brindando a los presentes un panorama integral del estado actual de la cooperativa, as\u00ed como tambi\u00e9n de sus principales desaf\u00edos y proyecciones, de acuerdo al informe emitido por la institucion.<\/p>\n\n\n\n<p class=\"has-black-color has-text-color has-link-color wp-elements-5ebb4b1b2b3618a3289c0a87fde772cb\">Posteriormente, y conforme al orden del d\u00eda, se procedi\u00f3 a la instancia de votaci\u00f3n para la renovaci\u00f3n parcial de autoridades. Como resultado, se impuso la Lista N\u00b0 1, que continuar\u00e1 al frente de la entidad.<\/p>\n\n\n\n<p class=\"has-black-color has-text-color has-link-color wp-elements-389a683aa6b738a06c9393a85e0bf53a\">De acuerdo a lo establecido, la n\u00f3mina de autoridades qued\u00f3 conformada de la siguiente manera:<\/p>\n\n\n\n<p class=\"has-black-color has-text-color has-link-color wp-elements-4332e84f0d62ef85bd78cee12b352da6\"><strong>Consejeros Titulares:<\/strong><br>Alberto J. Demolis<br>Edgardo Pistilli<br>Carlos Gamio<br>Jos\u00e9 Rebucchini<br>Jorge Lobatto<\/p>\n\n\n\n<p class=\"has-black-color has-text-color has-link-color wp-elements-dcf566cce72bf070a534d4c8b7f62278\"><strong>Consejeros Suplentes:<\/strong><br>Gerardo Quaino<br>Claudio Potes<br>Jorge Aguilera<\/p>\n\n\n\n<p class=\"has-black-color has-text-color has-link-color wp-elements-292a9da12aa8c38538a9c974c89c225c\"><strong>S\u00edndico Titular:<\/strong><br>Daniel Barb\u00e9<\/p>\n\n\n\n<p class=\"has-black-color has-text-color has-link-color wp-elements-0aff87af22f0652a05a4f2373d44b6a5\"><strong>S\u00edndico Suplente:<\/strong><br>Juan Caliani<\/p>\n\n\n\n<p><\/p>\n","protected":false},"excerpt":{"rendered":"<p>En la jornada de ayer se llev\u00f3 a cabo la Asamblea Anual Ordinaria de la Cooperativa El\u00e9ctrica de Ameghino Ltda., con la participaci\u00f3n de asociados y miembros del Consejo de Administraci\u00f3n. Durante el encuentro se present\u00f3 un informe detallado sobre la situaci\u00f3n econ\u00f3mica, financiera y operativa de la instituci\u00f3n, brindando a los presentes un panorama [&hellip;]<\/p>\n","protected":false},"author":2,"featured_media":13142,"comment_status":"closed","ping_status":"closed","sticky":false,"template":"","format":"standard","meta":{"footnotes":"","jetpack_publicize_message":"","jetpack_publicize_feature_enabled":true,"jetpack_social_post_already_shared":true,"jetpack_social_options":{"image_generator_settings":{"template":"highway","default_image_id":0,"font":"","enabled":false},"version":2}},"categories":[2,6,37],"tags":[],"class_list":["post-13141","post","type-post","status-publish","format-standard","has-post-thumbnail","hentry","category-destacadas","category-interes-general","category-sociedad"],"jetpack_publicize_connections":[],"jetpack_featured_media_url":"https:\/\/i0.wp.com\/www.labrujulaweb.com.ar\/blog\/wp-content\/uploads\/2026\/04\/AL-FIN-VALIDO.jpg?fit=889%2C500&ssl=1","jetpack_sharing_enabled":true,"_links":{"self":[{"href":"https:\/\/www.labrujulaweb.com.ar\/blog\/wp-json\/wp\/v2\/posts\/13141","targetHints":{"allow":["GET"]}}],"collection":[{"href":"https:\/\/www.labrujulaweb.com.ar\/blog\/wp-json\/wp\/v2\/posts"}],"about":[{"href":"https:\/\/www.labrujulaweb.com.ar\/blog\/wp-json\/wp\/v2\/types\/post"}],"author":[{"embeddable":true,"href":"https:\/\/www.labrujulaweb.com.ar\/blog\/wp-json\/wp\/v2\/users\/2"}],"replies":[{"embeddable":true,"href":"https:\/\/www.labrujulaweb.com.ar\/blog\/wp-json\/wp\/v2\/comments?post=13141"}],"version-history":[{"count":1,"href":"https:\/\/www.labrujulaweb.com.ar\/blog\/wp-json\/wp\/v2\/posts\/13141\/revisions"}],"predecessor-version":[{"id":13143,"href":"https:\/\/www.labrujulaweb.com.ar\/blog\/wp-json\/wp\/v2\/posts\/13141\/revisions\/13143"}],"wp:featuredmedia":[{"embeddable":true,"href":"https:\/\/www.labrujulaweb.com.ar\/blog\/wp-json\/wp\/v2\/media\/13142"}],"wp:attachment":[{"href":"https:\/\/www.labrujulaweb.com.ar\/blog\/wp-json\/wp\/v2\/media?parent=13141"}],"wp:term":[{"taxonomy":"category","embeddable":true,"href":"https:\/\/www.labrujulaweb.com.ar\/blog\/wp-json\/wp\/v2\/categories?post=13141"},{"taxonomy":"post_tag","embeddable":true,"href":"https:\/\/www.labrujulaweb.com.ar\/blog\/wp-json\/wp\/v2\/tags?post=13141"}],"curies":[{"name":"wp","href":"https:\/\/api.w.org\/{rel}","templated":true}]}}