{"id":1342,"date":"2020-09-19T21:33:45","date_gmt":"2020-09-19T21:33:45","guid":{"rendered":"http:\/\/www.labrujulaweb.com.ar\/blog\/?p=1342"},"modified":"2020-09-21T03:09:30","modified_gmt":"2020-09-21T03:09:30","slug":"4-ife-de-anses-quienes-cobran-el-cuarto-pago-y-cuando-se-empieza-a-abonar","status":"publish","type":"post","link":"https:\/\/www.labrujulaweb.com.ar\/blog\/politica-estado\/gobierno\/4-ife-de-anses-quienes-cobran-el-cuarto-pago-y-cuando-se-empieza-a-abonar\/","title":{"rendered":"4 IFE de ANSES: \u00bfqui\u00e9nes cobran el cuarto pago y cu\u00e1ndo se empieza a abonar"},"content":{"rendered":"\n<p>Mientras que el tercer&nbsp;<strong>Ingreso Familiar de Emergencia<\/strong>, que comenz\u00f3 a principios de agosto, ya se encuentra en su fase final al ser entregado en estos momentos a quienes tienen cuenta bancaria, empiezan a conocerse detalles,&nbsp;<strong>sobre qui\u00e9nes ser\u00edan excluidos del cuarto IFE y cu\u00e1ndo es la fecha de cobro.<\/strong><\/p>\n\n\n\n<h4 class=\"wp-block-heading\">Qui\u00e9nes del universo del IFE no cobrar\u00e1n la cuarta etapa:<\/h4>\n\n\n\n<ul class=\"wp-block-list\"><li><strong>Requisitos:<\/strong>&nbsp;Es posible que el cuarto bono tenga segmentaci\u00f3n geogr\u00e1fica, que en principio iba a entrar en vigor en el tercer IFE pero finalmente fue entregado para todo el pa\u00eds sin distinci\u00f3n entre regiones en Distanciamiento social obligatorio -DSPO y Aislamiento social obligatorio -ASPO-.<\/li><\/ul>\n\n\n\n<div class=\"wp-block-image\"><figure class=\"alignleft size-large is-resized\"><img data-recalc-dims=\"1\" loading=\"lazy\" decoding=\"async\" src=\"https:\/\/i0.wp.com\/www.labrujulaweb.com.ar\/blog\/wp-content\/uploads\/2020\/09\/ife1.jpg?resize=438%2C246\" alt=\"\" class=\"wp-image-1344\" width=\"438\" height=\"246\" srcset=\"https:\/\/i0.wp.com\/www.labrujulaweb.com.ar\/blog\/wp-content\/uploads\/2020\/09\/ife1.jpg?w=791&amp;ssl=1 791w, https:\/\/i0.wp.com\/www.labrujulaweb.com.ar\/blog\/wp-content\/uploads\/2020\/09\/ife1.jpg?resize=300%2C169&amp;ssl=1 300w, https:\/\/i0.wp.com\/www.labrujulaweb.com.ar\/blog\/wp-content\/uploads\/2020\/09\/ife1.jpg?resize=768%2C432&amp;ssl=1 768w\" sizes=\"auto, (max-width: 438px) 100vw, 438px\" \/><\/figure><\/div>\n\n\n\n<ul class=\"wp-block-list\"><li><strong>Presos y menores que vivan con sus padres:<\/strong>&nbsp;Ahora estar\u00e1n excluidos las personas privadas de su libertad y los menores de 25 a\u00f1os que viven con sus padres y que tienen salario en blanco. Desde el tercer IFE ya no reciben el bono.<\/li><\/ul>\n\n\n\n<h4 class=\"wp-block-heading\">Cu\u00e1l ser\u00e1 la fecha de cobro del cuarto IFE:<\/h4>\n\n\n\n<p>No hay un esquema oficial, pero se proyecta arrancar&nbsp;<strong>a principios de octubre<\/strong>, una vez mas dando prioridad a los beneficiarios de la AUH y AUE para finalmente culminar con los bancarizados.<\/p>\n","protected":false},"excerpt":{"rendered":"<p>Mientras termina la tercer entrega del Ingreso Familiar de Emergencia, la Administraci\u00f3n Nacional de Seguridad Social empieza a pulir detalles de lo que viene.<\/p>\n","protected":false},"author":2,"featured_media":1343,"comment_status":"open","ping_status":"open","sticky":false,"template":"","format":"standard","meta":{"footnotes":"","jetpack_publicize_message":"","jetpack_publicize_feature_enabled":true,"jetpack_social_post_already_shared":true,"jetpack_social_options":{"image_generator_settings":{"template":"highway","default_image_id":0,"font":"","enabled":false},"version":2}},"categories":[30,10,29],"tags":[],"class_list":["post-1342","post","type-post","status-publish","format-standard","has-post-thumbnail","hentry","category-politicadirigencia","category-gobierno","category-politica-estado"],"jetpack_publicize_connections":[],"jetpack_featured_media_url":"https:\/\/i0.wp.com\/www.labrujulaweb.com.ar\/blog\/wp-content\/uploads\/2020\/09\/IFE-VALIDO.jpg?fit=889%2C500&ssl=1","jetpack_sharing_enabled":true,"_links":{"self":[{"href":"https:\/\/www.labrujulaweb.com.ar\/blog\/wp-json\/wp\/v2\/posts\/1342","targetHints":{"allow":["GET"]}}],"collection":[{"href":"https:\/\/www.labrujulaweb.com.ar\/blog\/wp-json\/wp\/v2\/posts"}],"about":[{"href":"https:\/\/www.labrujulaweb.com.ar\/blog\/wp-json\/wp\/v2\/types\/post"}],"author":[{"embeddable":true,"href":"https:\/\/www.labrujulaweb.com.ar\/blog\/wp-json\/wp\/v2\/users\/2"}],"replies":[{"embeddable":true,"href":"https:\/\/www.labrujulaweb.com.ar\/blog\/wp-json\/wp\/v2\/comments?post=1342"}],"version-history":[{"count":2,"href":"https:\/\/www.labrujulaweb.com.ar\/blog\/wp-json\/wp\/v2\/posts\/1342\/revisions"}],"predecessor-version":[{"id":1359,"href":"https:\/\/www.labrujulaweb.com.ar\/blog\/wp-json\/wp\/v2\/posts\/1342\/revisions\/1359"}],"wp:featuredmedia":[{"embeddable":true,"href":"https:\/\/www.labrujulaweb.com.ar\/blog\/wp-json\/wp\/v2\/media\/1343"}],"wp:attachment":[{"href":"https:\/\/www.labrujulaweb.com.ar\/blog\/wp-json\/wp\/v2\/media?parent=1342"}],"wp:term":[{"taxonomy":"category","embeddable":true,"href":"https:\/\/www.labrujulaweb.com.ar\/blog\/wp-json\/wp\/v2\/categories?post=1342"},{"taxonomy":"post_tag","embeddable":true,"href":"https:\/\/www.labrujulaweb.com.ar\/blog\/wp-json\/wp\/v2\/tags?post=1342"}],"curies":[{"name":"wp","href":"https:\/\/api.w.org\/{rel}","templated":true}]}}