{"id":13620,"date":"2026-09-02T17:06:59","date_gmt":"2026-09-02T20:06:59","guid":{"rendered":"https:\/\/www.labrujulaweb.com.ar\/blog\/?p=13620"},"modified":"2026-09-02T17:17:25","modified_gmt":"2026-09-02T20:17:25","slug":"ameghino-seis-caballos-murieron-en-tras-ingerir-semillas-curadas","status":"publish","type":"post","link":"https:\/\/www.labrujulaweb.com.ar\/blog\/destacadas\/ameghino-seis-caballos-murieron-en-tras-ingerir-semillas-curadas\/","title":{"rendered":"Ameghino: Seis caballos murieron en tras ingerir semillas curadas"},"content":{"rendered":"\n<p class=\"has-black-color has-text-color has-link-color has-medium-font-size wp-elements-066870079c79540bef248787172bfd6d wp-block-paragraph\"><strong><em>Seis caballos murieron luego de ingerir semillas curadas en una quinta ubicada sobre calle N\u00b0 42 y 5 en Florentino Ameghino, en un hecho que provoc\u00f3 un importante perjuicio econ\u00f3mico y un fuerte impacto emocional para el propietario de los animales.<\/em><\/strong><\/p>\n\n\n\n<p class=\"has-black-color has-text-color has-link-color has-medium-font-size wp-elements-d327ae7ca6c15f61176eadb2d3ca3013 wp-block-paragraph\">Seg\u00fan pudo saber <strong>La Br\u00fajula<\/strong>, los caballos pertenec\u00edan a una persona que alquila el establecimiento donde se encontraban los animales. De acuerdo con la informaci\u00f3n recabada, el propietario de la quinta habr\u00eda tirado semillas curadas para alimentar a los cerdos que se encontraban en el lugar.<\/p>\n\n\n\n<p class=\"has-black-color has-text-color has-link-color has-medium-font-size wp-elements-99dd75a139fbb18ea1965a997c2e352d wp-block-paragraph\">En circunstancias que son motivo de investigaci\u00f3n, los caballos habr\u00edan tenido acceso a esas semillas y, tras ingerirlas, comenzaron a presentar signos de intoxicaci\u00f3n.Finalmente, los seis animales murieron.<\/p>\n\n\n\n<p class=\"has-black-color has-text-color has-link-color has-medium-font-size wp-elements-ae93da7b459a870f8bc6f7aa8e3c8b65 wp-block-paragraph\">El propietario de los caballos realiz\u00f3 la denuncia correspondiente, con el objetivo de dejar constancia de lo sucedido y que se puedan determinar las circunstancias en las que los animales tuvieron acceso a las semillas.<\/p>\n\n\n\n<p class=\"has-black-color has-text-color has-link-color has-medium-font-size wp-elements-68ec1c6518f5b670a4b27065075cbe73 wp-block-paragraph\">Adem\u00e1s de la importante p\u00e9rdida econ\u00f3mica que representa la muerte de los seis caballos, el hecho gener\u00f3 un profundo impacto emocional en su propietario, quien perdi\u00f3 a los animales que estaban bajo su cuidado.<\/p>\n\n\n\n<figure class=\"wp-block-gallery has-nested-images columns-default is-cropped wp-block-gallery-1 is-layout-flex wp-block-gallery-is-layout-flex\">\n<figure class=\"wp-block-image size-full\"><img loading=\"lazy\" decoding=\"async\" width=\"472\" height=\"500\" data-id=\"13626\" src=\"https:\/\/www.labrujulaweb.com.ar\/blog\/wp-content\/uploads\/2026\/09\/CABALLOSSSSII-1.jpg\" alt=\"\" class=\"wp-image-13626\" srcset=\"https:\/\/www.labrujulaweb.com.ar\/blog\/wp-content\/uploads\/2026\/09\/CABALLOSSSSII-1.jpg 472w, https:\/\/www.labrujulaweb.com.ar\/blog\/wp-content\/uploads\/2026\/09\/CABALLOSSSSII-1-283x300.jpg 283w, https:\/\/www.labrujulaweb.com.ar\/blog\/wp-content\/uploads\/2026\/09\/CABALLOSSSSII-1-142x150.jpg 142w\" sizes=\"auto, (max-width: 472px) 100vw, 472px\" \/><\/figure>\n\n\n\n<figure class=\"wp-block-image size-full\"><img loading=\"lazy\" decoding=\"async\" width=\"571\" height=\"500\" data-id=\"13625\" src=\"https:\/\/www.labrujulaweb.com.ar\/blog\/wp-content\/uploads\/2026\/09\/image-1612586757167065SIIIISS.jpg\" alt=\"\" class=\"wp-image-13625\" srcset=\"https:\/\/www.labrujulaweb.com.ar\/blog\/wp-content\/uploads\/2026\/09\/image-1612586757167065SIIIISS.jpg 571w, https:\/\/www.labrujulaweb.com.ar\/blog\/wp-content\/uploads\/2026\/09\/image-1612586757167065SIIIISS-300x263.jpg 300w, https:\/\/www.labrujulaweb.com.ar\/blog\/wp-content\/uploads\/2026\/09\/image-1612586757167065SIIIISS-150x131.jpg 150w\" sizes=\"auto, (max-width: 571px) 100vw, 571px\" \/><\/figure>\n<\/figure>\n\n\n\n<p class=\"has-black-color has-text-color has-link-color has-medium-font-size wp-elements-101369f154ad59157561a1a45c337afe wp-block-paragraph\">La situaci\u00f3n qued\u00f3 ahora en manos de las autoridades correspondientes, que deber\u00e1n establecer c\u00f3mo ocurri\u00f3 el hecho y las eventuales responsabilidades que pudieran surgir.<\/p>\n","protected":false},"excerpt":{"rendered":"<p>Seis caballos murieron luego de ingerir semillas curadas en una quinta ubicada sobre calle N\u00b0 42 y 5 en Florentino Ameghino, en un hecho que provoc\u00f3 un importante perjuicio econ\u00f3mico y un fuerte impacto emocional para el propietario de los animales. Seg\u00fan pudo saber La Br\u00fajula, los caballos pertenec\u00edan a una persona que alquila el [&hellip;]<\/p>\n","protected":false},"author":2,"featured_media":13621,"comment_status":"closed","ping_status":"closed","sticky":false,"template":"","format":"standard","meta":{"footnotes":""},"categories":[2,24,6,34,33,37],"tags":[],"class_list":["post-13620","post","type-post","status-publish","format-standard","has-post-thumbnail","hentry","category-destacadas","category-florentino-ameghino","category-interes-general","category-policial","category-rural","category-sociedad"],"_links":{"self":[{"href":"https:\/\/www.labrujulaweb.com.ar\/blog\/wp-json\/wp\/v2\/posts\/13620","targetHints":{"allow":["GET"]}}],"collection":[{"href":"https:\/\/www.labrujulaweb.com.ar\/blog\/wp-json\/wp\/v2\/posts"}],"about":[{"href":"https:\/\/www.labrujulaweb.com.ar\/blog\/wp-json\/wp\/v2\/types\/post"}],"author":[{"embeddable":true,"href":"https:\/\/www.labrujulaweb.com.ar\/blog\/wp-json\/wp\/v2\/users\/2"}],"replies":[{"embeddable":true,"href":"https:\/\/www.labrujulaweb.com.ar\/blog\/wp-json\/wp\/v2\/comments?post=13620"}],"version-history":[{"count":2,"href":"https:\/\/www.labrujulaweb.com.ar\/blog\/wp-json\/wp\/v2\/posts\/13620\/revisions"}],"predecessor-version":[{"id":13627,"href":"https:\/\/www.labrujulaweb.com.ar\/blog\/wp-json\/wp\/v2\/posts\/13620\/revisions\/13627"}],"wp:featuredmedia":[{"embeddable":true,"href":"https:\/\/www.labrujulaweb.com.ar\/blog\/wp-json\/wp\/v2\/media\/13621"}],"wp:attachment":[{"href":"https:\/\/www.labrujulaweb.com.ar\/blog\/wp-json\/wp\/v2\/media?parent=13620"}],"wp:term":[{"taxonomy":"category","embeddable":true,"href":"https:\/\/www.labrujulaweb.com.ar\/blog\/wp-json\/wp\/v2\/categories?post=13620"},{"taxonomy":"post_tag","embeddable":true,"href":"https:\/\/www.labrujulaweb.com.ar\/blog\/wp-json\/wp\/v2\/tags?post=13620"}],"curies":[{"name":"wp","href":"https:\/\/api.w.org\/{rel}","templated":true}]}}