{"id":13628,"date":"2026-09-02T18:37:15","date_gmt":"2026-09-02T21:37:15","guid":{"rendered":"https:\/\/www.labrujulaweb.com.ar\/blog\/?p=13628"},"modified":"2026-09-02T18:37:18","modified_gmt":"2026-09-02T21:37:18","slug":"carlos-tejedor-impulsara-al-sector-productivo-con-la-reapertura-de-la-oficina-local-del-inta","status":"publish","type":"post","link":"https:\/\/www.labrujulaweb.com.ar\/blog\/destacadas\/carlos-tejedor-impulsara-al-sector-productivo-con-la-reapertura-de-la-oficina-local-del-inta\/","title":{"rendered":"Carlos Tejedor impulsar\u00e1 al sector productivo con la reapertura de la oficina local del INTA"},"content":{"rendered":"\n<p class=\"has-black-color has-text-color has-link-color has-medium-font-size wp-elements-910cc946384dd6a17f6f981ce0fc5dfa wp-block-paragraph\"><strong><em>En un paso clave para el desarrollo del agro y la producci\u00f3n local, el Municipio de Carlos Tejedor confirm\u00f3 la reactivaci\u00f3n de la Oficina de Investigaci\u00f3n T\u00e9cnica (OIT) del INTA en el distrito. La medida busca acercar asistencia profesional personalizada, herramientas de innovaci\u00f3n y acompa\u00f1amiento constante a los productores rurales de la zona.<\/em><\/strong><\/p>\n\n\n\n<p class=\"has-black-color has-text-color has-link-color has-medium-font-size wp-elements-b3e5d4ca5f40101840767b4312c9bb92 wp-block-paragraph\">El anuncio se concret\u00f3 tras una reuni\u00f3n de trabajo encabezada por la intendenta Mar\u00eda Celia Gianini junto a autoridades de la instituci\u00f3n agropecuaria, entre ellos el Ing. Walter Miranda (director de la E.E.A. INTA General Villegas) y la Ing. Mar\u00eda Andra (titular de la Agencia de Extensi\u00f3n Rural de Pehuaj\u00f3).<\/p>\n\n\n\n<p class=\"has-black-color has-text-color has-link-color has-medium-font-size wp-elements-c5c6ed675046cf1ecd7cbde1e214f66c wp-block-paragraph\">La delegaci\u00f3n t\u00e9cnica tejedorense estar\u00e1 al frente de Mario \u00c1lvez de Mello, quien asumir\u00e1 la tarea de articular directamente con el sector productivo y atender sus demandas operativas.<\/p>\n\n\n\n<p class=\"has-black-color has-text-color has-link-color has-medium-font-size wp-elements-c7047ca9d027ee3f3c77685fc36c29f5 wp-block-paragraph\">El encuentro institucional cont\u00f3 adem\u00e1s con la participaci\u00f3n de la secretaria de Gobierno, Ana \u00c1lvez de Mello; el concejal Ing. Armando Palau; la directora de Producci\u00f3n local, Sof\u00eda Pacheco; y el productor agropecuario Dante Garciandia, reflejando el compromiso conjunto entre el sector p\u00fablico y las entidades privadas de la regi\u00f3n.<\/p>\n","protected":false},"excerpt":{"rendered":"<p>En un paso clave para el desarrollo del agro y la producci\u00f3n local, el Municipio de Carlos Tejedor confirm\u00f3 la reactivaci\u00f3n de la Oficina de Investigaci\u00f3n T\u00e9cnica (OIT) del INTA en el distrito. La medida busca acercar asistencia profesional personalizada, herramientas de innovaci\u00f3n y acompa\u00f1amiento constante a los productores rurales de la zona. El anuncio [&hellip;]<\/p>\n","protected":false},"author":2,"featured_media":13629,"comment_status":"closed","ping_status":"closed","sticky":false,"template":"","format":"standard","meta":{"footnotes":""},"categories":[32,26,2,6,9,29,33],"tags":[],"class_list":["post-13628","post","type-post","status-publish","format-standard","has-post-thumbnail","hentry","category-agro-negocios","category-carlos-tejedor","category-destacadas","category-interes-general","category-municipios","category-politica-estado","category-rural"],"_links":{"self":[{"href":"https:\/\/www.labrujulaweb.com.ar\/blog\/wp-json\/wp\/v2\/posts\/13628","targetHints":{"allow":["GET"]}}],"collection":[{"href":"https:\/\/www.labrujulaweb.com.ar\/blog\/wp-json\/wp\/v2\/posts"}],"about":[{"href":"https:\/\/www.labrujulaweb.com.ar\/blog\/wp-json\/wp\/v2\/types\/post"}],"author":[{"embeddable":true,"href":"https:\/\/www.labrujulaweb.com.ar\/blog\/wp-json\/wp\/v2\/users\/2"}],"replies":[{"embeddable":true,"href":"https:\/\/www.labrujulaweb.com.ar\/blog\/wp-json\/wp\/v2\/comments?post=13628"}],"version-history":[{"count":1,"href":"https:\/\/www.labrujulaweb.com.ar\/blog\/wp-json\/wp\/v2\/posts\/13628\/revisions"}],"predecessor-version":[{"id":13630,"href":"https:\/\/www.labrujulaweb.com.ar\/blog\/wp-json\/wp\/v2\/posts\/13628\/revisions\/13630"}],"wp:featuredmedia":[{"embeddable":true,"href":"https:\/\/www.labrujulaweb.com.ar\/blog\/wp-json\/wp\/v2\/media\/13629"}],"wp:attachment":[{"href":"https:\/\/www.labrujulaweb.com.ar\/blog\/wp-json\/wp\/v2\/media?parent=13628"}],"wp:term":[{"taxonomy":"category","embeddable":true,"href":"https:\/\/www.labrujulaweb.com.ar\/blog\/wp-json\/wp\/v2\/categories?post=13628"},{"taxonomy":"post_tag","embeddable":true,"href":"https:\/\/www.labrujulaweb.com.ar\/blog\/wp-json\/wp\/v2\/tags?post=13628"}],"curies":[{"name":"wp","href":"https:\/\/api.w.org\/{rel}","templated":true}]}}