{"id":13632,"date":"2026-09-03T14:57:51","date_gmt":"2026-09-03T17:57:51","guid":{"rendered":"https:\/\/www.labrujulaweb.com.ar\/blog\/?p=13632"},"modified":"2026-09-03T14:57:56","modified_gmt":"2026-09-03T17:57:56","slug":"ultimo-momento-telecom-interrumpira-hoy-el-servicio-de-internet-por-tareas-de-mantenimiento","status":"publish","type":"post","link":"https:\/\/www.labrujulaweb.com.ar\/blog\/destacadas\/ultimo-momento-telecom-interrumpira-hoy-el-servicio-de-internet-por-tareas-de-mantenimiento\/","title":{"rendered":"\u00daltimo momento: Telecom interrumpir\u00e1 hoy el servicio de internet por tareas de mantenimiento"},"content":{"rendered":"\n<p class=\"has-black-color has-text-color has-link-color has-medium-font-size wp-elements-063113176114446b26ba79d29f9f7212 wp-block-paragraph\"><strong><em>El corte tendr\u00e1 una duraci\u00f3n estimada de cuatro horas y se realizar\u00e1 durante la madrugada.por lo que todos los servidores que ofrecen el servicio quedaran sin cobertura por el tiempo anunciado.<\/em><\/strong><\/p>\n\n\n\n<p class=\"has-black-color has-text-color has-link-color has-medium-font-size wp-elements-d35607a417c8a05d4aa4d971a8445c0b wp-block-paragraph\"><strong><em>La noticia fu\u00e9 publicada hace una hora por la prestadora del servicio en Ameghino Cooperativa Electrica.<\/em><\/strong><\/p>\n\n\n\n<p class=\"has-black-color has-text-color has-link-color has-medium-font-size wp-elements-43f5bab3d3fafe57a23b3e5a3d6ec4ed wp-block-paragraph\">\u00abTelecom inform\u00f3 que se llevar\u00e1 a cabo una interrupci\u00f3n del servicio de internet debido a <strong>tareas de mantenimiento<\/strong>.\u00bb<\/p>\n\n\n\n<p class=\"has-black-color has-text-color has-link-color has-medium-font-size wp-elements-31989802d7c5eb2a7f62c267bc0f8ec0 wp-block-paragraph\">Seg\u00fan el aviso, la interrupci\u00f3n est\u00e1 prevista desde las <strong>23 horas de este Jueves 3 de Septiembre, hasta las 3 de la madrugada<\/strong>, con una duraci\u00f3n estimada de <strong>cuatro horas<\/strong>.<\/p>\n\n\n\n<p class=\"has-black-color has-text-color has-link-color has-medium-font-size wp-elements-26de40cc440d7097fe0ed7b4f7ebc68a wp-block-paragraph\">Se solicita a los usuarios estar atentos y tener en cuenta el horario previsto para evitar inconvenientes ante la falta temporal del servicio.<\/p>\n","protected":false},"excerpt":{"rendered":"<p>El corte tendr\u00e1 una duraci\u00f3n estimada de cuatro horas y se realizar\u00e1 durante la madrugada.por lo que todos los servidores que ofrecen el servicio quedaran sin cobertura por el tiempo anunciado. La noticia fu\u00e9 publicada hace una hora por la prestadora del servicio en Ameghino Cooperativa Electrica. \u00abTelecom inform\u00f3 que se llevar\u00e1 a cabo una [&hellip;]<\/p>\n","protected":false},"author":2,"featured_media":13633,"comment_status":"closed","ping_status":"closed","sticky":false,"template":"","format":"standard","meta":{"footnotes":""},"categories":[35,2,6],"tags":[],"class_list":["post-13632","post","type-post","status-publish","format-standard","has-post-thumbnail","hentry","category-comunicacion","category-destacadas","category-interes-general"],"_links":{"self":[{"href":"https:\/\/www.labrujulaweb.com.ar\/blog\/wp-json\/wp\/v2\/posts\/13632","targetHints":{"allow":["GET"]}}],"collection":[{"href":"https:\/\/www.labrujulaweb.com.ar\/blog\/wp-json\/wp\/v2\/posts"}],"about":[{"href":"https:\/\/www.labrujulaweb.com.ar\/blog\/wp-json\/wp\/v2\/types\/post"}],"author":[{"embeddable":true,"href":"https:\/\/www.labrujulaweb.com.ar\/blog\/wp-json\/wp\/v2\/users\/2"}],"replies":[{"embeddable":true,"href":"https:\/\/www.labrujulaweb.com.ar\/blog\/wp-json\/wp\/v2\/comments?post=13632"}],"version-history":[{"count":1,"href":"https:\/\/www.labrujulaweb.com.ar\/blog\/wp-json\/wp\/v2\/posts\/13632\/revisions"}],"predecessor-version":[{"id":13634,"href":"https:\/\/www.labrujulaweb.com.ar\/blog\/wp-json\/wp\/v2\/posts\/13632\/revisions\/13634"}],"wp:featuredmedia":[{"embeddable":true,"href":"https:\/\/www.labrujulaweb.com.ar\/blog\/wp-json\/wp\/v2\/media\/13633"}],"wp:attachment":[{"href":"https:\/\/www.labrujulaweb.com.ar\/blog\/wp-json\/wp\/v2\/media?parent=13632"}],"wp:term":[{"taxonomy":"category","embeddable":true,"href":"https:\/\/www.labrujulaweb.com.ar\/blog\/wp-json\/wp\/v2\/categories?post=13632"},{"taxonomy":"post_tag","embeddable":true,"href":"https:\/\/www.labrujulaweb.com.ar\/blog\/wp-json\/wp\/v2\/tags?post=13632"}],"curies":[{"name":"wp","href":"https:\/\/api.w.org\/{rel}","templated":true}]}}