{"id":2179,"date":"2020-11-12T01:17:03","date_gmt":"2020-11-12T01:17:03","guid":{"rendered":"http:\/\/www.labrujulaweb.com.ar\/blog\/?p=2179"},"modified":"2020-11-16T21:10:00","modified_gmt":"2020-11-16T21:10:00","slug":"costantino-diserto-en-el-pre-xviii-congreso-argentino-de-vialidad-y-transito","status":"publish","type":"post","link":"https:\/\/www.labrujulaweb.com.ar\/blog\/politica-estado\/gobierno-provincial\/costantino-diserto-en-el-pre-xviii-congreso-argentino-de-vialidad-y-transito\/","title":{"rendered":"Costantino disert\u00f3 en el Pre-XVIII Congreso Argentino de Vialidad y Tr\u00e1nsito"},"content":{"rendered":"\n<p><strong>El administrador de la Direcci\u00f3n de Vialidad de la Provincia de Buenos Aires, Ra\u00fal Costantino, y el subadministrador del organismo, H\u00e9ctor Escalada, expusieron en el Pre-XVIII Congreso Argentino de Vialidad y Tr\u00e1nsito.<\/strong><\/p>\n\n\n\n<p>Este congreso se desarrolla entre los d\u00edas 11 y 12 de Noviembre de manera on-line.<\/p>\n\n\n\n<div class=\"wp-block-image\"><figure class=\"alignleft size-large is-resized\"><img data-recalc-dims=\"1\" loading=\"lazy\" decoding=\"async\" src=\"https:\/\/i0.wp.com\/www.labrujulaweb.com.ar\/blog\/wp-content\/uploads\/2020\/11\/CONSTANTINO1-1024x678.jpg?resize=444%2C294\" alt=\"\" class=\"wp-image-2181\" width=\"444\" height=\"294\" srcset=\"https:\/\/i0.wp.com\/www.labrujulaweb.com.ar\/blog\/wp-content\/uploads\/2020\/11\/CONSTANTINO1-scaled.jpg?resize=1024%2C678&amp;ssl=1 1024w, https:\/\/i0.wp.com\/www.labrujulaweb.com.ar\/blog\/wp-content\/uploads\/2020\/11\/CONSTANTINO1-scaled.jpg?resize=300%2C199&amp;ssl=1 300w, https:\/\/i0.wp.com\/www.labrujulaweb.com.ar\/blog\/wp-content\/uploads\/2020\/11\/CONSTANTINO1-scaled.jpg?resize=768%2C509&amp;ssl=1 768w, https:\/\/i0.wp.com\/www.labrujulaweb.com.ar\/blog\/wp-content\/uploads\/2020\/11\/CONSTANTINO1-scaled.jpg?resize=1536%2C1017&amp;ssl=1 1536w, https:\/\/i0.wp.com\/www.labrujulaweb.com.ar\/blog\/wp-content\/uploads\/2020\/11\/CONSTANTINO1-scaled.jpg?resize=2048%2C1356&amp;ssl=1 2048w, https:\/\/i0.wp.com\/www.labrujulaweb.com.ar\/blog\/wp-content\/uploads\/2020\/11\/CONSTANTINO1-scaled.jpg?w=1280&amp;ssl=1 1280w, https:\/\/i0.wp.com\/www.labrujulaweb.com.ar\/blog\/wp-content\/uploads\/2020\/11\/CONSTANTINO1-scaled.jpg?w=1920&amp;ssl=1 1920w\" sizes=\"auto, (max-width: 444px) 100vw, 444px\" \/><figcaption>Administrador de Vialidad Provincia Ing. Raul Constantino acompa\u00f1ado por el Subadministrador Hector Escalada.<\/figcaption><\/figure><\/div>\n\n\n\n<p><strong>\u201cFue un honor haber participado de este encuentro con distintos profesionales especializados, ya que sus aportes fueron muy enriquecedores\u201d,<\/strong> explic\u00f3 Costantino, a la vez que a\u00f1adi\u00f3: <strong>\u201cDesde nuestro organismo pudimos explicar algunos de los ejes m\u00e1s importantes en relaci\u00f3n a nuestro Plan Vial para la Provincia de Buenos Aires<\/strong>, como es el caso de las rehabilitaciones de calzada, las repavimentaciones y el Plan de Estabilizaci\u00f3n de Caminos Rurales, entre otros\u201d.<\/p>\n\n\n\n<p><br>Con respecto al Pre Congreso, el mismo se desarrolla durante los d\u00edas 11 y 12 de noviembre -de manera online-. Contar\u00e1 con algunas conferencias referidas a la \u2018Conectividad como agente de crecimiento\u2019.<\/p>\n","protected":false},"excerpt":{"rendered":"<p>El mismo es organizado por la Asociaci\u00f3n Argentina de Carreteras, Vialidad Nacional y el Consejo Vial Federal<\/p>\n","protected":false},"author":2,"featured_media":2180,"comment_status":"open","ping_status":"open","sticky":false,"template":"","format":"standard","meta":{"footnotes":"","jetpack_publicize_message":"","jetpack_publicize_feature_enabled":true,"jetpack_social_post_already_shared":true,"jetpack_social_options":{"image_generator_settings":{"template":"highway","default_image_id":0,"font":"","enabled":false},"version":2}},"categories":[11,29],"tags":[],"class_list":["post-2179","post","type-post","status-publish","format-standard","has-post-thumbnail","hentry","category-gobierno-provincial","category-politica-estado"],"jetpack_publicize_connections":[],"jetpack_featured_media_url":"https:\/\/i0.wp.com\/www.labrujulaweb.com.ar\/blog\/wp-content\/uploads\/2020\/11\/CONSTANTINO-scaled.jpg?fit=2560%2C1696&ssl=1","jetpack_sharing_enabled":true,"_links":{"self":[{"href":"https:\/\/www.labrujulaweb.com.ar\/blog\/wp-json\/wp\/v2\/posts\/2179","targetHints":{"allow":["GET"]}}],"collection":[{"href":"https:\/\/www.labrujulaweb.com.ar\/blog\/wp-json\/wp\/v2\/posts"}],"about":[{"href":"https:\/\/www.labrujulaweb.com.ar\/blog\/wp-json\/wp\/v2\/types\/post"}],"author":[{"embeddable":true,"href":"https:\/\/www.labrujulaweb.com.ar\/blog\/wp-json\/wp\/v2\/users\/2"}],"replies":[{"embeddable":true,"href":"https:\/\/www.labrujulaweb.com.ar\/blog\/wp-json\/wp\/v2\/comments?post=2179"}],"version-history":[{"count":3,"href":"https:\/\/www.labrujulaweb.com.ar\/blog\/wp-json\/wp\/v2\/posts\/2179\/revisions"}],"predecessor-version":[{"id":2196,"href":"https:\/\/www.labrujulaweb.com.ar\/blog\/wp-json\/wp\/v2\/posts\/2179\/revisions\/2196"}],"wp:featuredmedia":[{"embeddable":true,"href":"https:\/\/www.labrujulaweb.com.ar\/blog\/wp-json\/wp\/v2\/media\/2180"}],"wp:attachment":[{"href":"https:\/\/www.labrujulaweb.com.ar\/blog\/wp-json\/wp\/v2\/media?parent=2179"}],"wp:term":[{"taxonomy":"category","embeddable":true,"href":"https:\/\/www.labrujulaweb.com.ar\/blog\/wp-json\/wp\/v2\/categories?post=2179"},{"taxonomy":"post_tag","embeddable":true,"href":"https:\/\/www.labrujulaweb.com.ar\/blog\/wp-json\/wp\/v2\/tags?post=2179"}],"curies":[{"name":"wp","href":"https:\/\/api.w.org\/{rel}","templated":true}]}}