{"id":2316,"date":"2020-11-22T14:30:37","date_gmt":"2020-11-22T14:30:37","guid":{"rendered":"http:\/\/www.labrujulaweb.com.ar\/blog\/?p=2316"},"modified":"2020-11-24T01:11:57","modified_gmt":"2020-11-24T01:11:57","slug":"covid-19-tres-algarrobos-seria-el-reinicio-de-positivos-en-tejedor","status":"publish","type":"post","link":"https:\/\/www.labrujulaweb.com.ar\/blog\/municipios\/carlos-tejedor\/covid-19-tres-algarrobos-seria-el-reinicio-de-positivos-en-tejedor\/","title":{"rendered":"COVID-19.                             TRES ALGARROBOS SER\u00cdA EL REINICIO DE POSITIVOS EN TEJEDOR."},"content":{"rendered":"\n<p>Tres Algarrobos 22 Nov (La Br\u00fajula) <strong>\u00abFue una semana en la que hab\u00edamos quedado en cero casos activos\u00bb <\/strong>expres\u00f3 una fuente cercana al gobierno Municipal, sin embargo, hoy el distrito vuelve a marcar positivos de Coronavirus.<\/p>\n\n\n\n<p>Una fiesta privada habr\u00eda sido el detonante de una catarata de casos positivos, sospechosos y aislados en la Localidad de Tres Algarrobos partido de Carlos Tejedor <strong>\u201cten\u00edamos previsto que esto iba a pasar\u201d,<\/strong> afirma el&nbsp;Director&nbsp;del Hospital Dr. Walter Orellana con respecto a la aparici\u00f3n del virus en el pueblo. <strong>\u201cAparentemente hubo una reuni\u00f3n en una casa particular de varias personas un d\u00eda domingo, en la cual hab\u00eda gente de Villegas y otras localidades\u201d- <\/strong>agreg\u00f3- buscando establecer el nexo epidemiol\u00f3gico.<strong> \u00abEl mismo d\u00eda que es hisopado se aisl\u00f3 a todos los contactos estrechos que hab\u00eda tenido, y que hab\u00edan participado de ese encuentro\u00bb.<\/strong><\/p>\n\n\n\n<figure class=\"wp-block-gallery columns-2 is-cropped wp-block-gallery-1 is-layout-flex wp-block-gallery-is-layout-flex\"><ul class=\"blocks-gallery-grid\"><li class=\"blocks-gallery-item\"><figure><img data-recalc-dims=\"1\" loading=\"lazy\" decoding=\"async\" width=\"640\" height=\"426\" src=\"https:\/\/i0.wp.com\/www.labrujulaweb.com.ar\/blog\/wp-content\/uploads\/2020\/11\/HOSPITAL-RESANO-1.jpg?resize=640%2C426\" alt=\"\" data-id=\"2322\" data-link=\"http:\/\/www.labrujulaweb.com.ar\/blog\/destacadas\/covid-19-tres-algarrobos-seria-el-reinicio-de-positivos-en-tejedor\/attachment\/hospital-resano-1\/\" class=\"wp-image-2322\" srcset=\"https:\/\/i0.wp.com\/www.labrujulaweb.com.ar\/blog\/wp-content\/uploads\/2020\/11\/HOSPITAL-RESANO-1.jpg?w=751&amp;ssl=1 751w, https:\/\/i0.wp.com\/www.labrujulaweb.com.ar\/blog\/wp-content\/uploads\/2020\/11\/HOSPITAL-RESANO-1.jpg?resize=300%2C200&amp;ssl=1 300w\" sizes=\"auto, (max-width: 640px) 100vw, 640px\" \/><\/figure><\/li><li class=\"blocks-gallery-item\"><figure><img data-recalc-dims=\"1\" loading=\"lazy\" decoding=\"async\" width=\"640\" height=\"640\" src=\"https:\/\/i0.wp.com\/www.labrujulaweb.com.ar\/blog\/wp-content\/uploads\/2020\/11\/WhatsApp-Image-2020-11-22-at-10.40.18-1024x1024.jpeg?resize=640%2C640\" alt=\"\" data-id=\"2323\" data-full-url=\"http:\/\/www.labrujulaweb.com.ar\/blog\/wp-content\/uploads\/2020\/11\/WhatsApp-Image-2020-11-22-at-10.40.18.jpeg\" data-link=\"http:\/\/www.labrujulaweb.com.ar\/blog\/destacadas\/covid-19-tres-algarrobos-seria-el-reinicio-de-positivos-en-tejedor\/attachment\/whatsapp-image-2020-11-22-at-10-40-18\/\" class=\"wp-image-2323\" srcset=\"https:\/\/i0.wp.com\/www.labrujulaweb.com.ar\/blog\/wp-content\/uploads\/2020\/11\/WhatsApp-Image-2020-11-22-at-10.40.18.jpeg?resize=1024%2C1024&amp;ssl=1 1024w, https:\/\/i0.wp.com\/www.labrujulaweb.com.ar\/blog\/wp-content\/uploads\/2020\/11\/WhatsApp-Image-2020-11-22-at-10.40.18.jpeg?resize=300%2C300&amp;ssl=1 300w, https:\/\/i0.wp.com\/www.labrujulaweb.com.ar\/blog\/wp-content\/uploads\/2020\/11\/WhatsApp-Image-2020-11-22-at-10.40.18.jpeg?resize=150%2C150&amp;ssl=1 150w, https:\/\/i0.wp.com\/www.labrujulaweb.com.ar\/blog\/wp-content\/uploads\/2020\/11\/WhatsApp-Image-2020-11-22-at-10.40.18.jpeg?resize=768%2C768&amp;ssl=1 768w, https:\/\/i0.wp.com\/www.labrujulaweb.com.ar\/blog\/wp-content\/uploads\/2020\/11\/WhatsApp-Image-2020-11-22-at-10.40.18.jpeg?w=1280&amp;ssl=1 1280w\" sizes=\"auto, (max-width: 640px) 100vw, 640px\" \/><\/figure><\/li><\/ul><\/figure>\n\n\n\n<p>Al d\u00eda de hoy Domingo 22 varios de esos hisopados y aislados dieron resultado positivo despu\u00e9s de haber presentado s\u00edntomas.<\/p>\n\n\n\n<p>Seg\u00fan el informe de la Direcci\u00f3n de salud <strong>son 7 los casos confirmados y todos de Tres Algarrobos, 3 sospechosos y 161 aislados preventivos.<\/strong><\/p>\n\n\n\n<p>Si bien desde la gesti\u00f3n Municipal mantienen la flexibilizaci\u00f3n de la cual goza la localidad hasta hoy, <strong>no se descarta que se puedan hacer cambios en los pr\u00f3ximos d\u00edas si el n\u00famero de contagios crece.<\/strong><\/p>\n\n\n\n<p>\u201cTen\u00edamos planeado abrir un poco m\u00e1s a fin de mes, pero con esta situaci\u00f3n que se vive en Tres Algarrobos, vamos a ir viendo ya que creo va a haber m\u00e1s casos\u201d sentenci\u00f3 el profesional, recordando que las reuniones sociales y el mate compartido, han sido en gran parte el motivo de lo que vivimos hoy \u2013 concluy\u00f3-<\/p>\n","protected":false},"excerpt":{"rendered":"<p>Una fiesta privada habr\u00eda despertado los contagios.<\/p>\n","protected":false},"author":2,"featured_media":2319,"comment_status":"open","ping_status":"open","sticky":false,"template":"","format":"standard","meta":{"footnotes":"","jetpack_publicize_message":"","jetpack_publicize_feature_enabled":true,"jetpack_social_post_already_shared":true,"jetpack_social_options":{"image_generator_settings":{"template":"highway","default_image_id":0,"font":"","enabled":false},"version":2}},"categories":[26,28],"tags":[],"class_list":["post-2316","post","type-post","status-publish","format-standard","has-post-thumbnail","hentry","category-carlos-tejedor","category-salud-covid19"],"jetpack_publicize_connections":[],"jetpack_featured_media_url":"https:\/\/i0.wp.com\/www.labrujulaweb.com.ar\/blog\/wp-content\/uploads\/2020\/11\/TRES-ALGARROBOS-VALIDA-1.jpg?fit=889%2C500&ssl=1","jetpack_sharing_enabled":true,"_links":{"self":[{"href":"https:\/\/www.labrujulaweb.com.ar\/blog\/wp-json\/wp\/v2\/posts\/2316","targetHints":{"allow":["GET"]}}],"collection":[{"href":"https:\/\/www.labrujulaweb.com.ar\/blog\/wp-json\/wp\/v2\/posts"}],"about":[{"href":"https:\/\/www.labrujulaweb.com.ar\/blog\/wp-json\/wp\/v2\/types\/post"}],"author":[{"embeddable":true,"href":"https:\/\/www.labrujulaweb.com.ar\/blog\/wp-json\/wp\/v2\/users\/2"}],"replies":[{"embeddable":true,"href":"https:\/\/www.labrujulaweb.com.ar\/blog\/wp-json\/wp\/v2\/comments?post=2316"}],"version-history":[{"count":3,"href":"https:\/\/www.labrujulaweb.com.ar\/blog\/wp-json\/wp\/v2\/posts\/2316\/revisions"}],"predecessor-version":[{"id":2342,"href":"https:\/\/www.labrujulaweb.com.ar\/blog\/wp-json\/wp\/v2\/posts\/2316\/revisions\/2342"}],"wp:featuredmedia":[{"embeddable":true,"href":"https:\/\/www.labrujulaweb.com.ar\/blog\/wp-json\/wp\/v2\/media\/2319"}],"wp:attachment":[{"href":"https:\/\/www.labrujulaweb.com.ar\/blog\/wp-json\/wp\/v2\/media?parent=2316"}],"wp:term":[{"taxonomy":"category","embeddable":true,"href":"https:\/\/www.labrujulaweb.com.ar\/blog\/wp-json\/wp\/v2\/categories?post=2316"},{"taxonomy":"post_tag","embeddable":true,"href":"https:\/\/www.labrujulaweb.com.ar\/blog\/wp-json\/wp\/v2\/tags?post=2316"}],"curies":[{"name":"wp","href":"https:\/\/api.w.org\/{rel}","templated":true}]}}