{"id":2856,"date":"2021-01-22T14:56:32","date_gmt":"2021-01-22T14:56:32","guid":{"rendered":"http:\/\/www.labrujulaweb.com.ar\/blog\/?p=2856"},"modified":"2021-01-22T14:56:35","modified_gmt":"2021-01-22T14:56:35","slug":"final-con-tragedia-fallecio-el-joven-que-protagonizo-accidente-en-cercanias-a-arenaza","status":"publish","type":"post","link":"https:\/\/www.labrujulaweb.com.ar\/blog\/destacadas\/final-con-tragedia-fallecio-el-joven-que-protagonizo-accidente-en-cercanias-a-arenaza\/","title":{"rendered":"Final con tragedia: falleci\u00f3 el joven que protagoniz\u00f3 accidente en cercan\u00edas a Arenaza."},"content":{"rendered":"\n<p>Se trata de L\u00e1zaro Gonz\u00e1lez de 31 a\u00f1os de edad y conduc\u00eda un FIAT Duna que impact\u00f3 con un VW Fox. <\/p>\n\n\n\n<p>La noticia que se manejaba extraoficialmente fue confirmada por fuentes oficiales, luego del accidente en Ruta 68 en cercan\u00eda a la localidad de Arenaza entre un Volkswagen Fox y un Fiat Duna, el conductor del \u00faltimo hab\u00eda quedado atrapado en el mismo, tras intervenci\u00f3n de Bomberos de Arenaza fue trasladado por la ambulancia de la Unidad Sanitaria al Hospital de Lincoln y finalmente falleci\u00f3. Se trata de L\u00e1zaro Gonz\u00e1lez de 31 a\u00f1os. Las personas ocupantes del Fox, tambi\u00e9n fueron trasladadas aunque no corr\u00eda riesgo su vida. <\/p>\n\n\n\n<p>Las causas del accidente a\u00fan se tratan de establecer. Interviene la UFI y J 1 del Departamento Judicial de Jun\u00edn.<\/p>\n","protected":false},"excerpt":{"rendered":"<p>La noticia fue confirmada este Viernes.<\/p>\n","protected":false},"author":2,"featured_media":2857,"comment_status":"open","ping_status":"open","sticky":false,"template":"","format":"standard","meta":{"footnotes":"","jetpack_publicize_message":"","jetpack_publicize_feature_enabled":true,"jetpack_social_post_already_shared":true,"jetpack_social_options":{"image_generator_settings":{"template":"highway","default_image_id":0,"font":"","enabled":false},"version":2}},"categories":[2,6,34],"tags":[],"class_list":["post-2856","post","type-post","status-publish","format-standard","has-post-thumbnail","hentry","category-destacadas","category-interes-general","category-policial"],"jetpack_publicize_connections":[],"jetpack_featured_media_url":"https:\/\/i0.wp.com\/www.labrujulaweb.com.ar\/blog\/wp-content\/uploads\/2021\/01\/ACCIDENTE-VALIDA.jpg?fit=667%2C500&ssl=1","jetpack_sharing_enabled":true,"_links":{"self":[{"href":"https:\/\/www.labrujulaweb.com.ar\/blog\/wp-json\/wp\/v2\/posts\/2856","targetHints":{"allow":["GET"]}}],"collection":[{"href":"https:\/\/www.labrujulaweb.com.ar\/blog\/wp-json\/wp\/v2\/posts"}],"about":[{"href":"https:\/\/www.labrujulaweb.com.ar\/blog\/wp-json\/wp\/v2\/types\/post"}],"author":[{"embeddable":true,"href":"https:\/\/www.labrujulaweb.com.ar\/blog\/wp-json\/wp\/v2\/users\/2"}],"replies":[{"embeddable":true,"href":"https:\/\/www.labrujulaweb.com.ar\/blog\/wp-json\/wp\/v2\/comments?post=2856"}],"version-history":[{"count":1,"href":"https:\/\/www.labrujulaweb.com.ar\/blog\/wp-json\/wp\/v2\/posts\/2856\/revisions"}],"predecessor-version":[{"id":2858,"href":"https:\/\/www.labrujulaweb.com.ar\/blog\/wp-json\/wp\/v2\/posts\/2856\/revisions\/2858"}],"wp:featuredmedia":[{"embeddable":true,"href":"https:\/\/www.labrujulaweb.com.ar\/blog\/wp-json\/wp\/v2\/media\/2857"}],"wp:attachment":[{"href":"https:\/\/www.labrujulaweb.com.ar\/blog\/wp-json\/wp\/v2\/media?parent=2856"}],"wp:term":[{"taxonomy":"category","embeddable":true,"href":"https:\/\/www.labrujulaweb.com.ar\/blog\/wp-json\/wp\/v2\/categories?post=2856"},{"taxonomy":"post_tag","embeddable":true,"href":"https:\/\/www.labrujulaweb.com.ar\/blog\/wp-json\/wp\/v2\/tags?post=2856"}],"curies":[{"name":"wp","href":"https:\/\/api.w.org\/{rel}","templated":true}]}}