{"id":305,"date":"2020-07-28T23:30:52","date_gmt":"2020-07-28T23:30:52","guid":{"rendered":"http:\/\/www.labrujulaweb.com.ar\/blog\/?p=305"},"modified":"2020-07-28T23:30:55","modified_gmt":"2020-07-28T23:30:55","slug":"estudio-cubano-indica-que-las-termas-de-larroude-y-guatrache-podrian-tratar-el-covid","status":"publish","type":"post","link":"https:\/\/www.labrujulaweb.com.ar\/blog\/destacadas\/estudio-cubano-indica-que-las-termas-de-larroude-y-guatrache-podrian-tratar-el-covid\/","title":{"rendered":"Estudio cubano indica que las termas de Larroud\u00e9 y Guatrache podr\u00edan tratar el Covid"},"content":{"rendered":"\n<p>El trabajo cita como ejemplo a las Termas de Guatrach\u00e9 y Larroud\u00e9, en La Pampa, y a otras ubicadas en Cuba.<\/p>\n\n\n\n<p><strong>\u00ab(Las aguas termales) se han acreditado oficialmente como agente terap\u00e9utico y han sido declaradas de utilidad p\u00fablica por los organismos pertinentes. Contienen m\u00e1s de 1 g de sustancia s\u00f3lida disuelta por kilogramo de agua, contienen componentes extra\u00f1os en cantidad superior a determinadas proporciones, o poseen una temperatura superior a 20 \u00b0C\u00bb<\/strong>, sostiene el estudio presentado en la I Jornada Cient\u00edfica Virtual CaliMay 2020 de Cuba.<\/p>\n\n\n\n<p>Si bien en la actualidad las investigaciones m\u00e9dicas est\u00e1n concentradas en probar a eficacia de las decenas de vacunas que se crearon para combatir el coronavirus, el estudio rescata que ese tipo de aguas act\u00faan&nbsp;<strong>\u00abcomo un restablecedor energ\u00e9tico para la c\u00e9lula y en general para el organismo\u00bb<\/strong>&nbsp;y tambi\u00e9n&nbsp;<strong>\u00abejercen acciones reguladoras tanto de la vascularizaci\u00f3n, como del trofismo y las secreciones, adem\u00e1s de ser desensibilizantes, ant\u00e1lgicas, antit\u00f3xicas y activadoras de los procesos \u00f3xido-reductores\u00bb<\/strong>.<\/p>\n\n\n\n<p>Los autores del estudio son el licenciado en Turismo Maximiliano P\u00e9rez Joos, la doctora Ana Fern\u00e1ndez Nu\u00f1ez e Indira Fernandez, especialista en medicina integral.<\/p>\n\n\n\n<p>El material est\u00e1 disponible en la p\u00e1gina&nbsp;<a href=\"http:\/\/calimay2020.sld.cu\/\" target=\"_blank\" rel=\"noreferrer noopener\">calimay2020.sld.cu<\/a>&nbsp;y cita como ejemplo a las Termas de Guatrach\u00e9 y de Bernardo Larroud\u00e9,&nbsp;<strong>\u00aben la parte centro oeste del territorio provincial. Ambos emprendimientos rescatan el fluido termal alojado en el subsuelo mediante perforaciones y obtienen aguas termales con temperaturas que oscilan entre los 31\u00baC y 32\u00baC<\/strong>.\u00bb<\/p>\n\n\n\n<p><strong>\u00abEn la recuperaci\u00f3n de los pacientes confirmados con la Covid-19 la salud ha de prosperar mediante el uso de las aguas mineromedicinales en balnearios termales, siempre que se adapten a las medidas de higiene y prevenci\u00f3n establecidas nacional e internacional\u00bb<\/strong>, indicaron los profesionales. (Fuente: La Arena)<\/p>\n","protected":false},"excerpt":{"rendered":"<p>Tres investigadores de la Universidad Nacional del Sur y de la Universidad de La Habana presentaron un estudio cient\u00edfico en el que sostienen que las aguas termales tienen potencialidades en la recuperaci\u00f3n de pacientes con coronavirus<\/p>\n","protected":false},"author":2,"featured_media":0,"comment_status":"open","ping_status":"open","sticky":false,"template":"","format":"standard","meta":{"footnotes":"","jetpack_publicize_message":"","jetpack_publicize_feature_enabled":true,"jetpack_social_post_already_shared":true,"jetpack_social_options":{"image_generator_settings":{"template":"highway","default_image_id":0,"font":"","enabled":false},"version":2}},"categories":[28,2],"tags":[],"class_list":["post-305","post","type-post","status-publish","format-standard","hentry","category-salud-covid19","category-destacadas"],"jetpack_publicize_connections":[],"jetpack_featured_media_url":"","jetpack_sharing_enabled":true,"_links":{"self":[{"href":"https:\/\/www.labrujulaweb.com.ar\/blog\/wp-json\/wp\/v2\/posts\/305","targetHints":{"allow":["GET"]}}],"collection":[{"href":"https:\/\/www.labrujulaweb.com.ar\/blog\/wp-json\/wp\/v2\/posts"}],"about":[{"href":"https:\/\/www.labrujulaweb.com.ar\/blog\/wp-json\/wp\/v2\/types\/post"}],"author":[{"embeddable":true,"href":"https:\/\/www.labrujulaweb.com.ar\/blog\/wp-json\/wp\/v2\/users\/2"}],"replies":[{"embeddable":true,"href":"https:\/\/www.labrujulaweb.com.ar\/blog\/wp-json\/wp\/v2\/comments?post=305"}],"version-history":[{"count":1,"href":"https:\/\/www.labrujulaweb.com.ar\/blog\/wp-json\/wp\/v2\/posts\/305\/revisions"}],"predecessor-version":[{"id":307,"href":"https:\/\/www.labrujulaweb.com.ar\/blog\/wp-json\/wp\/v2\/posts\/305\/revisions\/307"}],"wp:attachment":[{"href":"https:\/\/www.labrujulaweb.com.ar\/blog\/wp-json\/wp\/v2\/media?parent=305"}],"wp:term":[{"taxonomy":"category","embeddable":true,"href":"https:\/\/www.labrujulaweb.com.ar\/blog\/wp-json\/wp\/v2\/categories?post=305"},{"taxonomy":"post_tag","embeddable":true,"href":"https:\/\/www.labrujulaweb.com.ar\/blog\/wp-json\/wp\/v2\/tags?post=305"}],"curies":[{"name":"wp","href":"https:\/\/api.w.org\/{rel}","templated":true}]}}