{"id":308,"date":"2020-07-30T22:54:56","date_gmt":"2020-07-30T22:54:56","guid":{"rendered":"http:\/\/www.labrujulaweb.com.ar\/blog\/?p=308"},"modified":"2020-07-30T22:55:00","modified_gmt":"2020-07-30T22:55:00","slug":"arrancan-en-la-plata-los-ensayos-clinicos-con-el-suero-equino","status":"publish","type":"post","link":"https:\/\/www.labrujulaweb.com.ar\/blog\/destacadas\/arrancan-en-la-plata-los-ensayos-clinicos-con-el-suero-equino\/","title":{"rendered":"ARRANCAN EN LA PLATA LOS ENSAYOS CL\u00cdNICOS CON EL SUERO EQUINO."},"content":{"rendered":"\n<p>Ma\u00f1ana comenzar\u00e1n los trabajos en el Instituto M\u00e9dico Platense y en los pr\u00f3ximos d\u00edas se sumar\u00e1n otros centros asistenciales de la Ciudad.<\/p>\n\n\n\n<p>El suero equino hiperinmune, el primer potencial medicamento para el tratamiento del COVID-19 desarrollado en Argentina, comenzara ma\u00f1ana su etapa de ensayo cl\u00ednico, luego que en fase de laboratorio lograra neutralizar el coronavirus.<\/p>\n\n\n\n<p>Este tipo de ensayo comenzara el lunes en el Sanatorio G\u00fcemes y ma\u00f1ana adem\u00e1s de la instituci\u00f3n Platense, tambi\u00e9n se realizar\u00e1n en el hospital Pirovano y en el \u201cCuenca Alta\u201d de Ca\u00f1uelas, mientras que en los pr\u00f3ximos d\u00edas se ampliaran a entre 10 y 15 establecimientos de AMBA y La Plata seg\u00fan confirmo Fernando Goldbaum, investigador superior del CONICET.<\/p>\n\n\n\n<p>Si somos r\u00e1pidos en reclutar pacientes que tienen que firmar un consentimiento,  porque esto es un ensayo voluntario, creemos que en dos meses podemos tener resultados claros sobre seguridad y sobre todo la eficacia del producto, manifest\u00f3, para que en el caso que arroje resultados favorables se pueda comenzar a suministrar lo antes posible.<\/p>\n","protected":false},"excerpt":{"rendered":"<p>El suero equino hiperinmune, el primer potencial medicamento para el tratamiento del COVID-19 desarrollado en Argentina<\/p>\n","protected":false},"author":2,"featured_media":0,"comment_status":"open","ping_status":"open","sticky":false,"template":"","format":"standard","meta":{"footnotes":"","jetpack_publicize_message":"","jetpack_publicize_feature_enabled":true,"jetpack_social_post_already_shared":true,"jetpack_social_options":{"image_generator_settings":{"template":"highway","default_image_id":0,"font":"","enabled":false},"version":2}},"categories":[28,2],"tags":[],"class_list":["post-308","post","type-post","status-publish","format-standard","hentry","category-salud-covid19","category-destacadas"],"jetpack_publicize_connections":[],"jetpack_featured_media_url":"","jetpack_sharing_enabled":true,"_links":{"self":[{"href":"https:\/\/www.labrujulaweb.com.ar\/blog\/wp-json\/wp\/v2\/posts\/308","targetHints":{"allow":["GET"]}}],"collection":[{"href":"https:\/\/www.labrujulaweb.com.ar\/blog\/wp-json\/wp\/v2\/posts"}],"about":[{"href":"https:\/\/www.labrujulaweb.com.ar\/blog\/wp-json\/wp\/v2\/types\/post"}],"author":[{"embeddable":true,"href":"https:\/\/www.labrujulaweb.com.ar\/blog\/wp-json\/wp\/v2\/users\/2"}],"replies":[{"embeddable":true,"href":"https:\/\/www.labrujulaweb.com.ar\/blog\/wp-json\/wp\/v2\/comments?post=308"}],"version-history":[{"count":1,"href":"https:\/\/www.labrujulaweb.com.ar\/blog\/wp-json\/wp\/v2\/posts\/308\/revisions"}],"predecessor-version":[{"id":310,"href":"https:\/\/www.labrujulaweb.com.ar\/blog\/wp-json\/wp\/v2\/posts\/308\/revisions\/310"}],"wp:attachment":[{"href":"https:\/\/www.labrujulaweb.com.ar\/blog\/wp-json\/wp\/v2\/media?parent=308"}],"wp:term":[{"taxonomy":"category","embeddable":true,"href":"https:\/\/www.labrujulaweb.com.ar\/blog\/wp-json\/wp\/v2\/categories?post=308"},{"taxonomy":"post_tag","embeddable":true,"href":"https:\/\/www.labrujulaweb.com.ar\/blog\/wp-json\/wp\/v2\/tags?post=308"}],"curies":[{"name":"wp","href":"https:\/\/api.w.org\/{rel}","templated":true}]}}