{"id":3173,"date":"2021-03-18T14:29:22","date_gmt":"2021-03-18T14:29:22","guid":{"rendered":"http:\/\/www.labrujulaweb.com.ar\/blog\/?p=3173"},"modified":"2021-03-23T12:28:20","modified_gmt":"2021-03-23T12:28:20","slug":"ameghino-becas-para-estudiantes-2021","status":"publish","type":"post","link":"https:\/\/www.labrujulaweb.com.ar\/blog\/cultura\/ameghino-becas-para-estudiantes-2021\/","title":{"rendered":"Ameghino.                        BECAS PARA ESTUDIANTES 2021."},"content":{"rendered":"\n<p>La Directora de ANSES Ameghino, Rosario Medialdea anunci\u00f3 su encuentro entre las coordinadora distrital de Fines Prof. Soraya Reynoso y con la docente a cargo de CEA doc. Marcela Farias , trabajando en la inscripci\u00f3n  de becas PROGRESAR  que dio comienzos a principios de Marzo y se extender\u00e1 &#8211; afirm\u00f3 Medialdea- hasta  el 30 de Abril.<\/p>\n\n\n\n<p>Estas becas &#8211; explic\u00f3 Rosario- est\u00e1n destinadas a j\u00f3venes entre los 18 a\u00f1os y hasta 24 a\u00f1os, y tiene como finalidad fortalecer el ingreso, la permanencia y el egreso de los estudiantes, tanto Primario como Secundario. <\/p>\n\n\n\n<div class=\"wp-block-image\"><figure class=\"alignleft size-large is-resized\"><img data-recalc-dims=\"1\" loading=\"lazy\" decoding=\"async\" src=\"https:\/\/i0.wp.com\/www.labrujulaweb.com.ar\/blog\/wp-content\/uploads\/2021\/03\/BECAS-PROGRESAR.valida.jpg?resize=368%2C360\" alt=\"\" class=\"wp-image-3176\" width=\"368\" height=\"360\" srcset=\"https:\/\/i0.wp.com\/www.labrujulaweb.com.ar\/blog\/wp-content\/uploads\/2021\/03\/BECAS-PROGRESAR.valida.jpg?w=511&amp;ssl=1 511w, https:\/\/i0.wp.com\/www.labrujulaweb.com.ar\/blog\/wp-content\/uploads\/2021\/03\/BECAS-PROGRESAR.valida.jpg?resize=300%2C294&amp;ssl=1 300w\" sizes=\"auto, (max-width: 368px) 100vw, 368px\" \/><\/figure><\/div>\n\n\n\n<p>En la misma l\u00ednea de trabajo, se articula con el Director del Centro de Formaci\u00f3n Laboral, Fernando De Paolo, ya que a las Becas Progresar tambi\u00e9n pueden acceder aquellos alumnos del CFL que re\u00fanan los requisitos, con el objetivo de que contin\u00faen en la educaci\u00f3n superior o se formen profesionalmente para ayudarlos en su desarrollo personal, incluyendo laboralmente a todos aquellos que hasta hoy no pod\u00edan hacerlo. <\/p>\n\n\n\n<p><strong>PARA INSCRIPCION<\/strong><\/p>\n\n\n\n<p>Ingresar a : <a href=\"https:\/\/www.facebook.com\/hashtag\/becasprogresar2021?__eep__=6&amp;__cft__[0]=AZW2X2EUhYMrm7Rp-qx3Hq_vLAGVi7QMfRnVu5rzC9nRSIsjw5z9Yp90A73L9duDamcE21xiTw4KpFpV6P4PAcrHAwv1jSAybskgIrp1oTcNQRctn86_x9G28N4ndEru3N_Jqw7OobI7kIkGk2YzMIXo&amp;__tn__=*NK-R\">#BecasProgresar2021<\/a><a href=\"https:\/\/www.facebook.com\/hashtag\/inscribite?__eep__=6&amp;__cft__[0]=AZW2X2EUhYMrm7Rp-qx3Hq_vLAGVi7QMfRnVu5rzC9nRSIsjw5z9Yp90A73L9duDamcE21xiTw4KpFpV6P4PAcrHAwv1jSAybskgIrp1oTcNQRctn86_x9G28N4ndEru3N_Jqw7OobI7kIkGk2YzMIXo&amp;__tn__=*NK-R\">#Inscribite<\/a> <\/p>\n","protected":false},"excerpt":{"rendered":"<p>Se trata de la inscripci\u00f3n a  las becas Progresar 2021.<\/p>\n","protected":false},"author":2,"featured_media":3174,"comment_status":"open","ping_status":"open","sticky":false,"template":"","format":"standard","meta":{"footnotes":"","jetpack_publicize_message":"","jetpack_publicize_feature_enabled":true,"jetpack_social_post_already_shared":true,"jetpack_social_options":{"image_generator_settings":{"template":"highway","default_image_id":0,"font":"","enabled":false},"version":2}},"categories":[7,24,31,9,29],"tags":[],"class_list":["post-3173","post","type-post","status-publish","format-standard","has-post-thumbnail","hentry","category-cultura","category-florentino-ameghino","category-importantes","category-municipios","category-politica-estado"],"jetpack_publicize_connections":[],"jetpack_featured_media_url":"https:\/\/i0.wp.com\/www.labrujulaweb.com.ar\/blog\/wp-content\/uploads\/2021\/03\/BECAS-2021valida.jpg?fit=510%2C500&ssl=1","jetpack_sharing_enabled":true,"_links":{"self":[{"href":"https:\/\/www.labrujulaweb.com.ar\/blog\/wp-json\/wp\/v2\/posts\/3173","targetHints":{"allow":["GET"]}}],"collection":[{"href":"https:\/\/www.labrujulaweb.com.ar\/blog\/wp-json\/wp\/v2\/posts"}],"about":[{"href":"https:\/\/www.labrujulaweb.com.ar\/blog\/wp-json\/wp\/v2\/types\/post"}],"author":[{"embeddable":true,"href":"https:\/\/www.labrujulaweb.com.ar\/blog\/wp-json\/wp\/v2\/users\/2"}],"replies":[{"embeddable":true,"href":"https:\/\/www.labrujulaweb.com.ar\/blog\/wp-json\/wp\/v2\/comments?post=3173"}],"version-history":[{"count":2,"href":"https:\/\/www.labrujulaweb.com.ar\/blog\/wp-json\/wp\/v2\/posts\/3173\/revisions"}],"predecessor-version":[{"id":3177,"href":"https:\/\/www.labrujulaweb.com.ar\/blog\/wp-json\/wp\/v2\/posts\/3173\/revisions\/3177"}],"wp:featuredmedia":[{"embeddable":true,"href":"https:\/\/www.labrujulaweb.com.ar\/blog\/wp-json\/wp\/v2\/media\/3174"}],"wp:attachment":[{"href":"https:\/\/www.labrujulaweb.com.ar\/blog\/wp-json\/wp\/v2\/media?parent=3173"}],"wp:term":[{"taxonomy":"category","embeddable":true,"href":"https:\/\/www.labrujulaweb.com.ar\/blog\/wp-json\/wp\/v2\/categories?post=3173"},{"taxonomy":"post_tag","embeddable":true,"href":"https:\/\/www.labrujulaweb.com.ar\/blog\/wp-json\/wp\/v2\/tags?post=3173"}],"curies":[{"name":"wp","href":"https:\/\/api.w.org\/{rel}","templated":true}]}}