{"id":3315,"date":"2021-04-08T07:56:34","date_gmt":"2021-04-08T07:56:34","guid":{"rendered":"http:\/\/www.labrujulaweb.com.ar\/blog\/?p=3315"},"modified":"2021-04-11T15:37:55","modified_gmt":"2021-04-11T15:37:55","slug":"preocupante-obligan-a-la-escuela-del-valle-suspender-la-experiencia-de-la-residencia-estudiantil-y-comedor","status":"publish","type":"post","link":"https:\/\/www.labrujulaweb.com.ar\/blog\/interes-general\/preocupante-obligan-a-la-escuela-del-valle-suspender-la-experiencia-de-la-residencia-estudiantil-y-comedor\/","title":{"rendered":"Preocupante: \u00abObligan a la Escuela Del Valle suspender la experiencia de la residencia estudiantil y comedor\u00bb"},"content":{"rendered":"\n<p>Despu\u00e9s de haber llegado la comunicaci\u00f3n a la escuela han enviado nota a la Directora General de Cultura y Educaci\u00f3n, Lic. Mar\u00eda Agustina Vila y al Diputado Provincial Mauricio Vivani. <strong>Casi el 100% de los alumnos vive fuera del partido de 25 de Mayo, de all\u00ed la necesidad de la residencia.<\/strong><\/p>\n\n\n\n<p>Se trata del <strong>Colegio Agropecuario Salesiano Del Valle del partido de&nbsp; 25 de Mayo, <\/strong>donde el Director del establecimiento educativo, Jorge Ledesma, &nbsp;mediante un video les informa -que el dia 31- recibimos la visita de la Inspecci\u00f3n \u2013 DIPREGEP \u2013 que est\u00e1 por sobre la escuela y nos avisaron que suspenden la experiencia de la residencia estudiantil y del comedor, explico y agrego&nbsp; que <strong>para la mayor\u00eda si no hay residencia no puede haber escuela,<\/strong> por lo que vamos a funcionar en modo virtual, hasta que podamos organizarnos nuevamente, expreso.<\/p>\n\n\n\n<p>Desconcertados padres e hijos que asisten a dicho colegio agropecuario se expresaron preocupados por esta decisi\u00f3n que afecta a las escuelas rurales con modalidad de residencia y comedor, es injusto dijo una madre , quien explico que los padres est\u00e1n tan ocupados como los directivos de la escuela en que los chicos no sean expuestos y cumplan con todos los requisitos, no hay covid ni se registr\u00f3 caso alguno, se trabaja en burbujas de cada grupo de a\u00f1o y cada 15 d\u00edas cambian, explico.<\/p>\n\n\n\n<p>Tambi\u00e9n dijo que en la Escuela Agropecuaria Del Valle nuestros hijos reciben los fundamentos del trabajo, del amor al pr\u00f3jimo, <strong>una de las cosas que genera la escuela rural es sacarlos de la calle y darles herramientas, destaco<\/strong>.<\/p>\n\n\n\n<p>Por esta situaci\u00f3n informo que se comunicaron con el Diputado provincial Mauricio Vivani, a quien ya le entregaron una nota en la que se solicita \u201csea analizada permitiendo que, debido a las caracter\u00edsticas particulares que posee nuestra comunidad educativa, los grandes espacios f\u00edsicos de la instituci\u00f3n y el protocolo dise\u00f1ado para evitar el contagio; <strong>se nos autorice mantener la presencialidad de nuestros hijos de manera residente en el establecimiento. De lo contrario, toda la comunidad educativa se ver\u00e1 afectada, hasta debiendo tomar decisiones en contra de la voluntad de nuestros hijos, pidiendo un pase a otras instituciones que no se corresponden a la modalidad de estudio elegida por nuestros hijos\u201d.<\/strong><\/p>\n\n\n\n<div class=\"wp-block-image\"><figure class=\"alignleft size-large is-resized\"><img data-recalc-dims=\"1\" loading=\"lazy\" decoding=\"async\" src=\"https:\/\/i0.wp.com\/www.labrujulaweb.com.ar\/blog\/wp-content\/uploads\/2021\/04\/ESC-SALECIANA-1valida.jpg?resize=415%2C310\" alt=\"\" class=\"wp-image-3317\" width=\"415\" height=\"310\" srcset=\"https:\/\/i0.wp.com\/www.labrujulaweb.com.ar\/blog\/wp-content\/uploads\/2021\/04\/ESC-SALECIANA-1valida.jpg?w=667&amp;ssl=1 667w, https:\/\/i0.wp.com\/www.labrujulaweb.com.ar\/blog\/wp-content\/uploads\/2021\/04\/ESC-SALECIANA-1valida.jpg?resize=300%2C225&amp;ssl=1 300w, https:\/\/i0.wp.com\/www.labrujulaweb.com.ar\/blog\/wp-content\/uploads\/2021\/04\/ESC-SALECIANA-1valida.jpg?resize=136%2C102&amp;ssl=1 136w\" sizes=\"auto, (max-width: 415px) 100vw, 415px\" \/><figcaption>Interior del patio de la Escuela<\/figcaption><\/figure><\/div>\n\n\n\n<p>En el mismo tenor de la situaci\u00f3n y solicitud enviaron una nota a la Directora General de Cultura y Educaci\u00f3n, Lic. Mar\u00eda Agustina Vila.<\/p>\n\n\n\n<p>Ledesma aclara que no se hizo nada mal, \u201cel motivo es que las autoridades educativas de la provincia, no tienen previsto el funcionamiento de la residencia estudiantil e informo que los inspectores hab\u00edan dado una autorizaci\u00f3n transitoria\u201d.<\/p>\n\n\n\n<p>El pr\u00f3ximo lunes, padres se reunir\u00e1n con autoridades del Colegio para evaluar la decisi\u00f3n y lograr la residencia de sus hijos.<\/p>\n","protected":false},"excerpt":{"rendered":"<p>Despu\u00e9s de haber llegado la comunicaci\u00f3n a la escuela han enviado nota a la Directora General de Cultura y Educaci\u00f3n, Lic. Mar\u00eda Agustina Vila y al Diputado Provincial Mauricio Vivani. Casi el 100% de los alumnos vive fuera del partido de 25 de Mayo, de all\u00ed la necesidad de la residencia. Se trata del Colegio [&hellip;]<\/p>\n","protected":false},"author":2,"featured_media":3316,"comment_status":"open","ping_status":"open","sticky":false,"template":"","format":"standard","meta":{"footnotes":"","jetpack_publicize_message":"","jetpack_publicize_feature_enabled":true,"jetpack_social_post_already_shared":true,"jetpack_social_options":{"image_generator_settings":{"template":"highway","default_image_id":0,"font":"","enabled":false},"version":2}},"categories":[7,11,31,6],"tags":[],"class_list":["post-3315","post","type-post","status-publish","format-standard","has-post-thumbnail","hentry","category-cultura","category-gobierno-provincial","category-importantes","category-interes-general"],"jetpack_publicize_connections":[],"jetpack_featured_media_url":"https:\/\/i0.wp.com\/www.labrujulaweb.com.ar\/blog\/wp-content\/uploads\/2021\/04\/ESC-SALECIANA-4valida.jpg?fit=730%2C500&ssl=1","jetpack_sharing_enabled":true,"_links":{"self":[{"href":"https:\/\/www.labrujulaweb.com.ar\/blog\/wp-json\/wp\/v2\/posts\/3315","targetHints":{"allow":["GET"]}}],"collection":[{"href":"https:\/\/www.labrujulaweb.com.ar\/blog\/wp-json\/wp\/v2\/posts"}],"about":[{"href":"https:\/\/www.labrujulaweb.com.ar\/blog\/wp-json\/wp\/v2\/types\/post"}],"author":[{"embeddable":true,"href":"https:\/\/www.labrujulaweb.com.ar\/blog\/wp-json\/wp\/v2\/users\/2"}],"replies":[{"embeddable":true,"href":"https:\/\/www.labrujulaweb.com.ar\/blog\/wp-json\/wp\/v2\/comments?post=3315"}],"version-history":[{"count":2,"href":"https:\/\/www.labrujulaweb.com.ar\/blog\/wp-json\/wp\/v2\/posts\/3315\/revisions"}],"predecessor-version":[{"id":3337,"href":"https:\/\/www.labrujulaweb.com.ar\/blog\/wp-json\/wp\/v2\/posts\/3315\/revisions\/3337"}],"wp:featuredmedia":[{"embeddable":true,"href":"https:\/\/www.labrujulaweb.com.ar\/blog\/wp-json\/wp\/v2\/media\/3316"}],"wp:attachment":[{"href":"https:\/\/www.labrujulaweb.com.ar\/blog\/wp-json\/wp\/v2\/media?parent=3315"}],"wp:term":[{"taxonomy":"category","embeddable":true,"href":"https:\/\/www.labrujulaweb.com.ar\/blog\/wp-json\/wp\/v2\/categories?post=3315"},{"taxonomy":"post_tag","embeddable":true,"href":"https:\/\/www.labrujulaweb.com.ar\/blog\/wp-json\/wp\/v2\/tags?post=3315"}],"curies":[{"name":"wp","href":"https:\/\/api.w.org\/{rel}","templated":true}]}}