{"id":3382,"date":"2021-04-16T01:57:44","date_gmt":"2021-04-16T01:57:44","guid":{"rendered":"http:\/\/www.labrujulaweb.com.ar\/blog\/?p=3382"},"modified":"2021-04-20T21:23:48","modified_gmt":"2021-04-20T21:23:48","slug":"suspenderian-las-clases-presenciales-en-lincoln-y-chacabuco-villegas","status":"publish","type":"post","link":"https:\/\/www.labrujulaweb.com.ar\/blog\/interes-general\/suspenderian-las-clases-presenciales-en-lincoln-y-chacabuco-villegas\/","title":{"rendered":"SUSPENDERIAN LAS CLASES PRESENCIALES EN  LINCOLN Y CHACABUCO&#8230; \u00bfVILLEGAS?"},"content":{"rendered":"\n<p>El Miercoles el presidente Alberto Fernandez anuncio nuevas medidas de restricciones en el marco de la segunda ola de Covid-19 que avanza en el territorio nacional.<\/p>\n\n\n\n<p>El mandatario decidi\u00f3 restringir la circulaci\u00f3n nocturna entre las 20 y las 6 de la ma\u00f1ana, a partir del Viernes a las 00 y <strong>suspender las clases presenciales dese el Lunes 19 hasta el 30 de Abril.<\/strong><\/p>\n\n\n\n<p>P<strong>or estas horas fuentes oficiales adelantaron que se suspender\u00edan las clases presenciales en los distritos del interior de la provincia de Buenos Aires que se encuentren en fase 3, por lo que en nuestra regi\u00f3n la medida seria aplicada en Lincoln y en Chacabuco<\/strong>, no habi\u00e9ndose expresado aun el distrito de Villegas que es el mas afectado por la segunda ola de contagios, si bien todav\u00eda no hay confirmaci\u00f3n oficial,  funcionarios de los municipios antes mencionados aseguran que no es necesario tomar esa desicion y volver a la virtualidad por dos semanas.<\/p>\n","protected":false},"excerpt":{"rendered":"<p>DISTRITOS DEL INTERIOR QUE ESTAN EN FASE 3 TENDRIAN LAS RESTRICCIONES  SIMILARES AL AMBA.<\/p>\n","protected":false},"author":2,"featured_media":3383,"comment_status":"open","ping_status":"open","sticky":false,"template":"","format":"standard","meta":{"footnotes":"","jetpack_publicize_message":"","jetpack_publicize_feature_enabled":true,"jetpack_social_post_already_shared":true,"jetpack_social_options":{"image_generator_settings":{"template":"highway","default_image_id":0,"font":"","enabled":false},"version":2}},"categories":[28,7,11,31,6],"tags":[],"class_list":["post-3382","post","type-post","status-publish","format-standard","has-post-thumbnail","hentry","category-salud-covid19","category-cultura","category-gobierno-provincial","category-importantes","category-interes-general"],"jetpack_publicize_connections":[],"jetpack_featured_media_url":"https:\/\/i0.wp.com\/www.labrujulaweb.com.ar\/blog\/wp-content\/uploads\/2021\/04\/CLASES-PREENCIALESvalida.jpg?fit=750%2C500&ssl=1","jetpack_sharing_enabled":true,"_links":{"self":[{"href":"https:\/\/www.labrujulaweb.com.ar\/blog\/wp-json\/wp\/v2\/posts\/3382","targetHints":{"allow":["GET"]}}],"collection":[{"href":"https:\/\/www.labrujulaweb.com.ar\/blog\/wp-json\/wp\/v2\/posts"}],"about":[{"href":"https:\/\/www.labrujulaweb.com.ar\/blog\/wp-json\/wp\/v2\/types\/post"}],"author":[{"embeddable":true,"href":"https:\/\/www.labrujulaweb.com.ar\/blog\/wp-json\/wp\/v2\/users\/2"}],"replies":[{"embeddable":true,"href":"https:\/\/www.labrujulaweb.com.ar\/blog\/wp-json\/wp\/v2\/comments?post=3382"}],"version-history":[{"count":1,"href":"https:\/\/www.labrujulaweb.com.ar\/blog\/wp-json\/wp\/v2\/posts\/3382\/revisions"}],"predecessor-version":[{"id":3384,"href":"https:\/\/www.labrujulaweb.com.ar\/blog\/wp-json\/wp\/v2\/posts\/3382\/revisions\/3384"}],"wp:featuredmedia":[{"embeddable":true,"href":"https:\/\/www.labrujulaweb.com.ar\/blog\/wp-json\/wp\/v2\/media\/3383"}],"wp:attachment":[{"href":"https:\/\/www.labrujulaweb.com.ar\/blog\/wp-json\/wp\/v2\/media?parent=3382"}],"wp:term":[{"taxonomy":"category","embeddable":true,"href":"https:\/\/www.labrujulaweb.com.ar\/blog\/wp-json\/wp\/v2\/categories?post=3382"},{"taxonomy":"post_tag","embeddable":true,"href":"https:\/\/www.labrujulaweb.com.ar\/blog\/wp-json\/wp\/v2\/tags?post=3382"}],"curies":[{"name":"wp","href":"https:\/\/api.w.org\/{rel}","templated":true}]}}