{"id":3497,"date":"2021-04-30T15:20:36","date_gmt":"2021-04-30T15:20:36","guid":{"rendered":"http:\/\/www.labrujulaweb.com.ar\/blog\/?p=3497"},"modified":"2021-05-07T00:27:59","modified_gmt":"2021-05-07T00:27:59","slug":"tejedor-villegas-lamentable-el-covid-sigue-cobrando-vidas","status":"publish","type":"post","link":"https:\/\/www.labrujulaweb.com.ar\/blog\/municipios\/tejedor-villegas-lamentable-el-covid-sigue-cobrando-vidas\/","title":{"rendered":"Tejedor-Villegas. LAMENTABLE \u00abEL COVID SIGUE COBRANDO VIDAS\u00bb"},"content":{"rendered":"\n<p><strong>Los distritos de C. Tejedor y Villegas lamentan hoy mas fallecidos por Covid-19<\/strong><\/p>\n\n\n\n<p>En el distrito de Carlos Tejedor <strong>se registr\u00f3 un fallecido este Viernes, se trata de un hombre de 40 a\u00f1os, <\/strong>el deceso se habr\u00eda producido r\u00e1pidamente despu\u00e9s de haber dado positivo, elevando la cifra a 4 y con un total de positivos activos de 69 personas, que suma ahora a la localidad de Timote, siendo el resto de la ciudad cabecera y en su mayor\u00eda de Tres Algarrobos.<\/p>\n\n\n\n<figure class=\"wp-block-image size-large is-resized\"><img data-recalc-dims=\"1\" loading=\"lazy\" decoding=\"async\" src=\"https:\/\/i0.wp.com\/www.labrujulaweb.com.ar\/blog\/wp-content\/uploads\/2021\/04\/WhatsApp-Image-2021-04-30-at-11.27.14-1024x1024.jpeg?resize=360%2C360\" alt=\"\" class=\"wp-image-3498\" width=\"360\" height=\"360\" srcset=\"https:\/\/i0.wp.com\/www.labrujulaweb.com.ar\/blog\/wp-content\/uploads\/2021\/04\/WhatsApp-Image-2021-04-30-at-11.27.14.jpeg?resize=1024%2C1024&amp;ssl=1 1024w, https:\/\/i0.wp.com\/www.labrujulaweb.com.ar\/blog\/wp-content\/uploads\/2021\/04\/WhatsApp-Image-2021-04-30-at-11.27.14.jpeg?resize=300%2C300&amp;ssl=1 300w, https:\/\/i0.wp.com\/www.labrujulaweb.com.ar\/blog\/wp-content\/uploads\/2021\/04\/WhatsApp-Image-2021-04-30-at-11.27.14.jpeg?resize=150%2C150&amp;ssl=1 150w, https:\/\/i0.wp.com\/www.labrujulaweb.com.ar\/blog\/wp-content\/uploads\/2021\/04\/WhatsApp-Image-2021-04-30-at-11.27.14.jpeg?resize=768%2C768&amp;ssl=1 768w, https:\/\/i0.wp.com\/www.labrujulaweb.com.ar\/blog\/wp-content\/uploads\/2021\/04\/WhatsApp-Image-2021-04-30-at-11.27.14.jpeg?w=1080&amp;ssl=1 1080w\" sizes=\"auto, (max-width: 360px) 100vw, 360px\" \/><\/figure>\n\n\n\n<p>En tanto en el distrito de Villegas desde el \u00faltimo parte, emitido en el d\u00eda de ayer hasta esta ma\u00f1ana <strong>se han producido cinco nuevos decesos, elevando la cifra a 78. <\/strong>Los casos informados son 3 mujeres de 57, 65 y 89 y dos hombres de 80 y 83 a\u00f1os uno de ellos de la localidad de Bunge .<\/p>\n\n\n\n<p>Si bien han ido descendiendo los nuevos positivos no se alivian los lugares de internacion que siguen estando completos.<\/p>\n\n\n\n<figure class=\"wp-block-image size-large is-resized\"><img data-recalc-dims=\"1\" loading=\"lazy\" decoding=\"async\" src=\"https:\/\/i0.wp.com\/www.labrujulaweb.com.ar\/blog\/wp-content\/uploads\/2021\/04\/WhatsApp-Image-2021-04-30-at-11.46.07-1024x1024.jpeg?resize=372%2C372\" alt=\"\" class=\"wp-image-3499\" width=\"372\" height=\"372\" srcset=\"https:\/\/i0.wp.com\/www.labrujulaweb.com.ar\/blog\/wp-content\/uploads\/2021\/04\/WhatsApp-Image-2021-04-30-at-11.46.07.jpeg?resize=1024%2C1024&amp;ssl=1 1024w, https:\/\/i0.wp.com\/www.labrujulaweb.com.ar\/blog\/wp-content\/uploads\/2021\/04\/WhatsApp-Image-2021-04-30-at-11.46.07.jpeg?resize=300%2C300&amp;ssl=1 300w, https:\/\/i0.wp.com\/www.labrujulaweb.com.ar\/blog\/wp-content\/uploads\/2021\/04\/WhatsApp-Image-2021-04-30-at-11.46.07.jpeg?resize=150%2C150&amp;ssl=1 150w, https:\/\/i0.wp.com\/www.labrujulaweb.com.ar\/blog\/wp-content\/uploads\/2021\/04\/WhatsApp-Image-2021-04-30-at-11.46.07.jpeg?resize=768%2C768&amp;ssl=1 768w, https:\/\/i0.wp.com\/www.labrujulaweb.com.ar\/blog\/wp-content\/uploads\/2021\/04\/WhatsApp-Image-2021-04-30-at-11.46.07.jpeg?w=1181&amp;ssl=1 1181w\" sizes=\"auto, (max-width: 372px) 100vw, 372px\" \/><\/figure>\n","protected":false},"excerpt":{"rendered":"<p>5 NUEVOS FALLECIDOS SE CONFIRMARON EN VILLEGAS Y UNA EN TEJEDOR<\/p>\n","protected":false},"author":2,"featured_media":3505,"comment_status":"open","ping_status":"open","sticky":false,"template":"","format":"standard","meta":{"footnotes":"","jetpack_publicize_message":"","jetpack_publicize_feature_enabled":true,"jetpack_social_post_already_shared":true,"jetpack_social_options":{"image_generator_settings":{"template":"highway","default_image_id":0,"font":"","enabled":false},"version":2}},"categories":[26,28,25,9],"tags":[],"class_list":["post-3497","post","type-post","status-publish","format-standard","has-post-thumbnail","hentry","category-carlos-tejedor","category-salud-covid19","category-general-villegas","category-municipios"],"jetpack_publicize_connections":[],"jetpack_featured_media_url":"https:\/\/i0.wp.com\/www.labrujulaweb.com.ar\/blog\/wp-content\/uploads\/2021\/04\/COVID-HOY-1.jpg?fit=891%2C500&ssl=1","jetpack_sharing_enabled":true,"_links":{"self":[{"href":"https:\/\/www.labrujulaweb.com.ar\/blog\/wp-json\/wp\/v2\/posts\/3497","targetHints":{"allow":["GET"]}}],"collection":[{"href":"https:\/\/www.labrujulaweb.com.ar\/blog\/wp-json\/wp\/v2\/posts"}],"about":[{"href":"https:\/\/www.labrujulaweb.com.ar\/blog\/wp-json\/wp\/v2\/types\/post"}],"author":[{"embeddable":true,"href":"https:\/\/www.labrujulaweb.com.ar\/blog\/wp-json\/wp\/v2\/users\/2"}],"replies":[{"embeddable":true,"href":"https:\/\/www.labrujulaweb.com.ar\/blog\/wp-json\/wp\/v2\/comments?post=3497"}],"version-history":[{"count":4,"href":"https:\/\/www.labrujulaweb.com.ar\/blog\/wp-json\/wp\/v2\/posts\/3497\/revisions"}],"predecessor-version":[{"id":3514,"href":"https:\/\/www.labrujulaweb.com.ar\/blog\/wp-json\/wp\/v2\/posts\/3497\/revisions\/3514"}],"wp:featuredmedia":[{"embeddable":true,"href":"https:\/\/www.labrujulaweb.com.ar\/blog\/wp-json\/wp\/v2\/media\/3505"}],"wp:attachment":[{"href":"https:\/\/www.labrujulaweb.com.ar\/blog\/wp-json\/wp\/v2\/media?parent=3497"}],"wp:term":[{"taxonomy":"category","embeddable":true,"href":"https:\/\/www.labrujulaweb.com.ar\/blog\/wp-json\/wp\/v2\/categories?post=3497"},{"taxonomy":"post_tag","embeddable":true,"href":"https:\/\/www.labrujulaweb.com.ar\/blog\/wp-json\/wp\/v2\/tags?post=3497"}],"curies":[{"name":"wp","href":"https:\/\/api.w.org\/{rel}","templated":true}]}}