{"id":3515,"date":"2021-04-30T23:12:36","date_gmt":"2021-04-30T23:12:36","guid":{"rendered":"http:\/\/www.labrujulaweb.com.ar\/blog\/?p=3515"},"modified":"2021-05-09T22:27:04","modified_gmt":"2021-05-09T22:27:04","slug":"el-ex-intendente-de-pinto-sera-el-nuevo-ministro-de-transporte","status":"publish","type":"post","link":"https:\/\/www.labrujulaweb.com.ar\/blog\/interes-general\/el-ex-intendente-de-pinto-sera-el-nuevo-ministro-de-transporte\/","title":{"rendered":"EL EX INTENDENTE DE PINTO SERA EL NUEVO MINISTRO DE TRANSPORTE"},"content":{"rendered":"\n<p><strong>Quien hasta ahora era el titular de Trenes Argentinos va a suceder al ex intendente de Jun\u00edn Mario Meoni, quien falleci\u00f3 la pasada semana en un accidente de transito<\/strong><\/p>\n\n\n\n<p>El ex intendente de General Pinto, Alexis Guerrera desayuno el pasado Mi\u00e9rcoles con Alberto Fern\u00e1ndez en la casa rosada y dejo una buena impresi\u00f3n en el presidente, que decidi\u00f3 oficializar su nombramiento esta tarde.<\/p>\n\n\n\n<p>Recordemos que Guerrera fue electo diputado Provincial por la cuarta secci\u00f3n Electoral, pero tomo licencia para asumir como titular de Trenes Argentinos.<\/p>\n\n\n\n<p><strong>El nombre del Guerrera sonaba en estos \u00faltimos d\u00edas para ser el reemplazante de Meoni, otro era el Diputado Leopoldo Moreau, pero Fernandez termin\u00f3 inclin\u00e1ndose por Guerrera <\/strong>debido a que se hab\u00eda desempe\u00f1ado en un puesto complejo en medio de la pandemia, con sobriedad y estabilidad.<\/p>\n\n\n\n<p>El control del transporte publico en medio de la segunda ola es fundamental para medir el nivel de circulaci\u00f3n de las personas, sobre todo en medio de las restricciones para contener la segunda ola que orden\u00f3 el presidente Alberto Fernandez.<\/p>\n","protected":false},"excerpt":{"rendered":"<p>EL NOMBRAMIENTO SE PRODUJO ESTA TARDE<\/p>\n","protected":false},"author":2,"featured_media":1458,"comment_status":"open","ping_status":"open","sticky":false,"template":"","format":"standard","meta":{"footnotes":"","jetpack_publicize_message":"","jetpack_publicize_feature_enabled":true,"jetpack_social_post_already_shared":true,"jetpack_social_options":{"image_generator_settings":{"template":"highway","default_image_id":0,"font":"","enabled":false},"version":2}},"categories":[10,6,29],"tags":[],"class_list":["post-3515","post","type-post","status-publish","format-standard","has-post-thumbnail","hentry","category-gobierno","category-interes-general","category-politica-estado"],"jetpack_publicize_connections":[],"jetpack_featured_media_url":"https:\/\/i0.wp.com\/www.labrujulaweb.com.ar\/blog\/wp-content\/uploads\/2020\/09\/ALEXIS-VALIDA.jpg?fit=875%2C500&ssl=1","jetpack_sharing_enabled":true,"_links":{"self":[{"href":"https:\/\/www.labrujulaweb.com.ar\/blog\/wp-json\/wp\/v2\/posts\/3515","targetHints":{"allow":["GET"]}}],"collection":[{"href":"https:\/\/www.labrujulaweb.com.ar\/blog\/wp-json\/wp\/v2\/posts"}],"about":[{"href":"https:\/\/www.labrujulaweb.com.ar\/blog\/wp-json\/wp\/v2\/types\/post"}],"author":[{"embeddable":true,"href":"https:\/\/www.labrujulaweb.com.ar\/blog\/wp-json\/wp\/v2\/users\/2"}],"replies":[{"embeddable":true,"href":"https:\/\/www.labrujulaweb.com.ar\/blog\/wp-json\/wp\/v2\/comments?post=3515"}],"version-history":[{"count":1,"href":"https:\/\/www.labrujulaweb.com.ar\/blog\/wp-json\/wp\/v2\/posts\/3515\/revisions"}],"predecessor-version":[{"id":3516,"href":"https:\/\/www.labrujulaweb.com.ar\/blog\/wp-json\/wp\/v2\/posts\/3515\/revisions\/3516"}],"wp:featuredmedia":[{"embeddable":true,"href":"https:\/\/www.labrujulaweb.com.ar\/blog\/wp-json\/wp\/v2\/media\/1458"}],"wp:attachment":[{"href":"https:\/\/www.labrujulaweb.com.ar\/blog\/wp-json\/wp\/v2\/media?parent=3515"}],"wp:term":[{"taxonomy":"category","embeddable":true,"href":"https:\/\/www.labrujulaweb.com.ar\/blog\/wp-json\/wp\/v2\/categories?post=3515"},{"taxonomy":"post_tag","embeddable":true,"href":"https:\/\/www.labrujulaweb.com.ar\/blog\/wp-json\/wp\/v2\/tags?post=3515"}],"curies":[{"name":"wp","href":"https:\/\/api.w.org\/{rel}","templated":true}]}}