{"id":3974,"date":"2021-06-14T19:09:50","date_gmt":"2021-06-14T22:09:50","guid":{"rendered":"http:\/\/www.labrujulaweb.com.ar\/blog\/?p=3974"},"modified":"2021-06-16T19:54:23","modified_gmt":"2021-06-16T22:54:23","slug":"ameghino-covid-19-confirmados-4-positivos-personal-sanitario-realizo-pcr-a-todo-el-personal-de-la-cooperativa-electrica","status":"publish","type":"post","link":"https:\/\/www.labrujulaweb.com.ar\/blog\/interes-general\/ameghino-covid-19-confirmados-4-positivos-personal-sanitario-realizo-pcr-a-todo-el-personal-de-la-cooperativa-electrica\/","title":{"rendered":"Ameghino:  Covid-19              Confirmados 4 positivos, personal sanitario realiz\u00f3 PCR a todo el personal de la Cooperativa El\u00e9ctrica."},"content":{"rendered":"\n<p>Ante la preocupaci\u00f3n y ocupaci\u00f3n por parte de los dirigentes  que se gener\u00f3 en horas del mediod\u00eda de este Lunes en las instalaciones de la esquina de calles 3 y 26 -donde tiene su sede la Cooperativa El\u00e9ctrica de Ameghino- la misma instituci\u00f3n hizo publico a trav\u00e9s de su pagina de facebook sobre el motivo de la asistencia del personal de salud a realizar (PCR) a todos los trabajadores de la instituci\u00f3n <\/p>\n\n\n\n<p><strong>Habiendo dado resultado POSITIVO Covid-19 cuatro de ellos es que se procedi\u00f3 a testear a todos los empleados, aun sin s\u00edntomas compatibles con el virus.<\/strong><\/p>\n\n\n\n<p><strong>COMUNICADO<\/strong><\/p>\n\n\n\n<p class=\"has-text-color has-luminous-vivid-orange-color\"><strong>COOPERATIVA ELECTRICA INFORMA:<\/strong><br><strong><em>Ante la confirmaci\u00f3n &#8211; hoy Lunes- de cuatro empleados de la instituci\u00f3n que dieron resultado Covid-19 POSITIVO, personal de salud asisti\u00f3 a realizar los test (PCR) al resto del personal, arrojando todos ellos resultado NEGATIVO, no habiendo presentado ning\u00fan s\u00edntoma correspondiente al Covid, y NO habiendo tenido contacto estrecho ninguno de ellos con los positivos activos.<br>Vale aclarar que la Cooperativa permanece con la atenci\u00f3n al publico y de guardias en todos sus servicios como lo ven\u00edamos realizando habitualmente desde el inicio de la pandemia y protocolos vigentes: en burbujas con reducci\u00f3n del personal.<\/em><\/strong><br><\/p>\n","protected":false},"excerpt":{"rendered":"<p>Ante la preocupaci\u00f3n y ocupaci\u00f3n por parte de los dirigentes que se gener\u00f3 en horas del mediod\u00eda de este Lunes en las instalaciones de la esquina de calles 3 y 26 -donde tiene su sede la Cooperativa El\u00e9ctrica de Ameghino- la misma instituci\u00f3n hizo publico a trav\u00e9s de su pagina de facebook sobre el motivo [&hellip;]<\/p>\n","protected":false},"author":2,"featured_media":3975,"comment_status":"open","ping_status":"open","sticky":false,"template":"","format":"standard","meta":{"footnotes":"","jetpack_publicize_message":"","jetpack_publicize_feature_enabled":true,"jetpack_social_post_already_shared":true,"jetpack_social_options":{"image_generator_settings":{"template":"highway","default_image_id":0,"font":"","enabled":false},"version":2}},"categories":[28,24,31,6],"tags":[],"class_list":["post-3974","post","type-post","status-publish","format-standard","has-post-thumbnail","hentry","category-salud-covid19","category-florentino-ameghino","category-importantes","category-interes-general"],"jetpack_publicize_connections":[],"jetpack_featured_media_url":"https:\/\/i0.wp.com\/www.labrujulaweb.com.ar\/blog\/wp-content\/uploads\/2021\/06\/COOPERATIVA-VALIDA.jpg?fit=667%2C500&ssl=1","jetpack_sharing_enabled":true,"_links":{"self":[{"href":"https:\/\/www.labrujulaweb.com.ar\/blog\/wp-json\/wp\/v2\/posts\/3974","targetHints":{"allow":["GET"]}}],"collection":[{"href":"https:\/\/www.labrujulaweb.com.ar\/blog\/wp-json\/wp\/v2\/posts"}],"about":[{"href":"https:\/\/www.labrujulaweb.com.ar\/blog\/wp-json\/wp\/v2\/types\/post"}],"author":[{"embeddable":true,"href":"https:\/\/www.labrujulaweb.com.ar\/blog\/wp-json\/wp\/v2\/users\/2"}],"replies":[{"embeddable":true,"href":"https:\/\/www.labrujulaweb.com.ar\/blog\/wp-json\/wp\/v2\/comments?post=3974"}],"version-history":[{"count":3,"href":"https:\/\/www.labrujulaweb.com.ar\/blog\/wp-json\/wp\/v2\/posts\/3974\/revisions"}],"predecessor-version":[{"id":3978,"href":"https:\/\/www.labrujulaweb.com.ar\/blog\/wp-json\/wp\/v2\/posts\/3974\/revisions\/3978"}],"wp:featuredmedia":[{"embeddable":true,"href":"https:\/\/www.labrujulaweb.com.ar\/blog\/wp-json\/wp\/v2\/media\/3975"}],"wp:attachment":[{"href":"https:\/\/www.labrujulaweb.com.ar\/blog\/wp-json\/wp\/v2\/media?parent=3974"}],"wp:term":[{"taxonomy":"category","embeddable":true,"href":"https:\/\/www.labrujulaweb.com.ar\/blog\/wp-json\/wp\/v2\/categories?post=3974"},{"taxonomy":"post_tag","embeddable":true,"href":"https:\/\/www.labrujulaweb.com.ar\/blog\/wp-json\/wp\/v2\/tags?post=3974"}],"curies":[{"name":"wp","href":"https:\/\/api.w.org\/{rel}","templated":true}]}}