{"id":3979,"date":"2021-06-15T08:42:37","date_gmt":"2021-06-15T11:42:37","guid":{"rendered":"http:\/\/www.labrujulaweb.com.ar\/blog\/?p=3979"},"modified":"2021-06-17T20:19:29","modified_gmt":"2021-06-17T23:19:29","slug":"ameghino-conmocion-por-un-nuevo-fallecido-covid-19-este-martes","status":"publish","type":"post","link":"https:\/\/www.labrujulaweb.com.ar\/blog\/interes-general\/ameghino-conmocion-por-un-nuevo-fallecido-covid-19-este-martes\/","title":{"rendered":"Ameghino:                 Conmoci\u00f3n por un nuevo fallecido Covid-19 este Martes"},"content":{"rendered":"\n<p>Se trata de una persona de sexo masculino de 38 a\u00f1os de edad de la ciudad de Ameghino que hab\u00eda sido trasladado a la ciudad de La Plata a un centro de mayor complejidad. <\/p>\n\n\n\n<p>Seg\u00fan datos estad\u00edsticos, seria la persona mas joven que fallece a ra\u00edz del virus en el distrito<\/p>\n\n\n\n<p>Sus restos ser\u00e1n trasladados a la ciudad de Ameghino para ser inhumados tal lo establece el protocolo vigente Covid-19.<\/p>\n\n\n\n<p>Ameghino registra al dia de hoy 18 fallecidos en el distrito desde el comienzo de la pandemia.<\/p>\n","protected":false},"excerpt":{"rendered":"<p>Se trata de una persona de sexo masculino de 38 a\u00f1os de edad de la ciudad de Ameghino que hab\u00eda sido trasladado a la ciudad de La Plata a un centro de mayor complejidad. Seg\u00fan datos estad\u00edsticos, seria la persona mas joven que fallece a ra\u00edz del virus en el distrito Sus restos ser\u00e1n trasladados [&hellip;]<\/p>\n","protected":false},"author":2,"featured_media":3980,"comment_status":"open","ping_status":"open","sticky":false,"template":"","format":"standard","meta":{"footnotes":"","jetpack_publicize_message":"","jetpack_publicize_feature_enabled":true,"jetpack_social_post_already_shared":true,"jetpack_social_options":{"image_generator_settings":{"template":"highway","default_image_id":0,"font":"","enabled":false},"version":2}},"categories":[28,24,31,6],"tags":[],"class_list":["post-3979","post","type-post","status-publish","format-standard","has-post-thumbnail","hentry","category-salud-covid19","category-florentino-ameghino","category-importantes","category-interes-general"],"jetpack_publicize_connections":[],"jetpack_featured_media_url":"https:\/\/i0.wp.com\/www.labrujulaweb.com.ar\/blog\/wp-content\/uploads\/2021\/06\/Necrologicas.jpg?fit=662%2C454&ssl=1","jetpack_sharing_enabled":true,"_links":{"self":[{"href":"https:\/\/www.labrujulaweb.com.ar\/blog\/wp-json\/wp\/v2\/posts\/3979","targetHints":{"allow":["GET"]}}],"collection":[{"href":"https:\/\/www.labrujulaweb.com.ar\/blog\/wp-json\/wp\/v2\/posts"}],"about":[{"href":"https:\/\/www.labrujulaweb.com.ar\/blog\/wp-json\/wp\/v2\/types\/post"}],"author":[{"embeddable":true,"href":"https:\/\/www.labrujulaweb.com.ar\/blog\/wp-json\/wp\/v2\/users\/2"}],"replies":[{"embeddable":true,"href":"https:\/\/www.labrujulaweb.com.ar\/blog\/wp-json\/wp\/v2\/comments?post=3979"}],"version-history":[{"count":2,"href":"https:\/\/www.labrujulaweb.com.ar\/blog\/wp-json\/wp\/v2\/posts\/3979\/revisions"}],"predecessor-version":[{"id":3982,"href":"https:\/\/www.labrujulaweb.com.ar\/blog\/wp-json\/wp\/v2\/posts\/3979\/revisions\/3982"}],"wp:featuredmedia":[{"embeddable":true,"href":"https:\/\/www.labrujulaweb.com.ar\/blog\/wp-json\/wp\/v2\/media\/3980"}],"wp:attachment":[{"href":"https:\/\/www.labrujulaweb.com.ar\/blog\/wp-json\/wp\/v2\/media?parent=3979"}],"wp:term":[{"taxonomy":"category","embeddable":true,"href":"https:\/\/www.labrujulaweb.com.ar\/blog\/wp-json\/wp\/v2\/categories?post=3979"},{"taxonomy":"post_tag","embeddable":true,"href":"https:\/\/www.labrujulaweb.com.ar\/blog\/wp-json\/wp\/v2\/tags?post=3979"}],"curies":[{"name":"wp","href":"https:\/\/api.w.org\/{rel}","templated":true}]}}