{"id":4140,"date":"2021-06-29T19:47:11","date_gmt":"2021-06-29T22:47:11","guid":{"rendered":"http:\/\/www.labrujulaweb.com.ar\/blog\/?p=4140"},"modified":"2021-06-29T19:47:14","modified_gmt":"2021-06-29T22:47:14","slug":"el-gobierno-de-junin-tambien-pinto-calles-con-los-colores-del-lgbtqi","status":"publish","type":"post","link":"https:\/\/www.labrujulaweb.com.ar\/blog\/destacadas\/el-gobierno-de-junin-tambien-pinto-calles-con-los-colores-del-lgbtqi\/","title":{"rendered":"El Gobierno de Junin tambi\u00e9n pint\u00f3 calles con los colores del LGBTQI"},"content":{"rendered":"\n<p>Todas las personas tienen derecho a vivir en libertad. La intolerancia y la discriminaci\u00f3n no deben tener lugar en nuestra sociedad- manifest\u00f3 el Intendente Petreca-<\/p>\n\n\n\n<p>As\u00ed explic\u00f3 por que se pint\u00f3 una senda peatonal con los diferentes colores de la bandera LGBTQI este Lunes en que se conmemor\u00f3 el d\u00eda del orgullo a nivel mundial.<\/p>\n\n\n\n<p> <strong>Continuamos trabajando por una ciudad plural e inclusiva en la que se valore y respete la diversidad<\/strong>-remarc\u00f3-<\/p>\n\n\n\n<figure class=\"wp-block-gallery columns-2 is-cropped wp-block-gallery-1 is-layout-flex wp-block-gallery-is-layout-flex\"><ul class=\"blocks-gallery-grid\"><li class=\"blocks-gallery-item\"><figure><img data-recalc-dims=\"1\" loading=\"lazy\" decoding=\"async\" width=\"640\" height=\"380\" src=\"https:\/\/i0.wp.com\/www.labrujulaweb.com.ar\/blog\/wp-content\/uploads\/2021\/06\/JUNIN-DIA-DEvalida.jpg?resize=640%2C380\" alt=\"\" data-id=\"4142\" data-link=\"http:\/\/www.labrujulaweb.com.ar\/blog\/?attachment_id=4142\" class=\"wp-image-4142\" srcset=\"https:\/\/i0.wp.com\/www.labrujulaweb.com.ar\/blog\/wp-content\/uploads\/2021\/06\/JUNIN-DIA-DEvalida.jpg?w=841&amp;ssl=1 841w, https:\/\/i0.wp.com\/www.labrujulaweb.com.ar\/blog\/wp-content\/uploads\/2021\/06\/JUNIN-DIA-DEvalida.jpg?resize=300%2C178&amp;ssl=1 300w, https:\/\/i0.wp.com\/www.labrujulaweb.com.ar\/blog\/wp-content\/uploads\/2021\/06\/JUNIN-DIA-DEvalida.jpg?resize=768%2C457&amp;ssl=1 768w\" sizes=\"auto, (max-width: 640px) 100vw, 640px\" \/><\/figure><\/li><li class=\"blocks-gallery-item\"><figure><img data-recalc-dims=\"1\" loading=\"lazy\" decoding=\"async\" width=\"640\" height=\"380\" src=\"https:\/\/i0.wp.com\/www.labrujulaweb.com.ar\/blog\/wp-content\/uploads\/2021\/06\/DIA-DE-JUNIN3.jpg?resize=640%2C380\" alt=\"\" data-id=\"4143\" data-full-url=\"http:\/\/www.labrujulaweb.com.ar\/blog\/wp-content\/uploads\/2021\/06\/DIA-DE-JUNIN3.jpg\" data-link=\"http:\/\/www.labrujulaweb.com.ar\/blog\/?attachment_id=4143\" class=\"wp-image-4143\" srcset=\"https:\/\/i0.wp.com\/www.labrujulaweb.com.ar\/blog\/wp-content\/uploads\/2021\/06\/DIA-DE-JUNIN3.jpg?w=736&amp;ssl=1 736w, https:\/\/i0.wp.com\/www.labrujulaweb.com.ar\/blog\/wp-content\/uploads\/2021\/06\/DIA-DE-JUNIN3.jpg?resize=300%2C178&amp;ssl=1 300w\" sizes=\"auto, (max-width: 640px) 100vw, 640px\" \/><\/figure><\/li><\/ul><\/figure>\n","protected":false},"excerpt":{"rendered":"<p>Todas las personas tienen derecho a vivir en libertad. La intolerancia y la discriminaci\u00f3n no deben tener lugar en nuestra sociedad- manifest\u00f3 el Intendente Petreca- As\u00ed explic\u00f3 por que se pint\u00f3 una senda peatonal con los diferentes colores de la bandera LGBTQI este Lunes en que se conmemor\u00f3 el d\u00eda del orgullo a nivel mundial. [&hellip;]<\/p>\n","protected":false},"author":2,"featured_media":4141,"comment_status":"open","ping_status":"open","sticky":false,"template":"","format":"standard","meta":{"footnotes":"","jetpack_publicize_message":"","jetpack_publicize_feature_enabled":true,"jetpack_social_post_already_shared":true,"jetpack_social_options":{"image_generator_settings":{"template":"highway","default_image_id":0,"font":"","enabled":false},"version":2}},"categories":[2,6,9,29],"tags":[],"class_list":["post-4140","post","type-post","status-publish","format-standard","has-post-thumbnail","hentry","category-destacadas","category-interes-general","category-municipios","category-politica-estado"],"jetpack_publicize_connections":[],"jetpack_featured_media_url":"https:\/\/i0.wp.com\/www.labrujulaweb.com.ar\/blog\/wp-content\/uploads\/2021\/06\/JUNIN-DIA-DE-2VALIDO.jpg?fit=832%2C500&ssl=1","jetpack_sharing_enabled":true,"_links":{"self":[{"href":"https:\/\/www.labrujulaweb.com.ar\/blog\/wp-json\/wp\/v2\/posts\/4140","targetHints":{"allow":["GET"]}}],"collection":[{"href":"https:\/\/www.labrujulaweb.com.ar\/blog\/wp-json\/wp\/v2\/posts"}],"about":[{"href":"https:\/\/www.labrujulaweb.com.ar\/blog\/wp-json\/wp\/v2\/types\/post"}],"author":[{"embeddable":true,"href":"https:\/\/www.labrujulaweb.com.ar\/blog\/wp-json\/wp\/v2\/users\/2"}],"replies":[{"embeddable":true,"href":"https:\/\/www.labrujulaweb.com.ar\/blog\/wp-json\/wp\/v2\/comments?post=4140"}],"version-history":[{"count":1,"href":"https:\/\/www.labrujulaweb.com.ar\/blog\/wp-json\/wp\/v2\/posts\/4140\/revisions"}],"predecessor-version":[{"id":4144,"href":"https:\/\/www.labrujulaweb.com.ar\/blog\/wp-json\/wp\/v2\/posts\/4140\/revisions\/4144"}],"wp:featuredmedia":[{"embeddable":true,"href":"https:\/\/www.labrujulaweb.com.ar\/blog\/wp-json\/wp\/v2\/media\/4141"}],"wp:attachment":[{"href":"https:\/\/www.labrujulaweb.com.ar\/blog\/wp-json\/wp\/v2\/media?parent=4140"}],"wp:term":[{"taxonomy":"category","embeddable":true,"href":"https:\/\/www.labrujulaweb.com.ar\/blog\/wp-json\/wp\/v2\/categories?post=4140"},{"taxonomy":"post_tag","embeddable":true,"href":"https:\/\/www.labrujulaweb.com.ar\/blog\/wp-json\/wp\/v2\/tags?post=4140"}],"curies":[{"name":"wp","href":"https:\/\/api.w.org\/{rel}","templated":true}]}}