{"id":4146,"date":"2021-06-30T12:37:57","date_gmt":"2021-06-30T15:37:57","guid":{"rendered":"http:\/\/www.labrujulaweb.com.ar\/blog\/?p=4146"},"modified":"2021-06-30T13:44:24","modified_gmt":"2021-06-30T16:44:24","slug":"ameghino-el-coronavirus-se-cobro-una-nueva-victima","status":"publish","type":"post","link":"https:\/\/www.labrujulaweb.com.ar\/blog\/destacadas\/ameghino-el-coronavirus-se-cobro-una-nueva-victima\/","title":{"rendered":"Ameghino:                                  El Coronavirus se cobr\u00f3 una nueva victima."},"content":{"rendered":"\n<p><strong>Se Conoci\u00f3 la Noticia Hace Solo una hora.<\/strong><\/p>\n\n\n\n<p>Se trata de una persona de sexo Femenino de 50 a\u00f1os de edad que primeramente hab\u00eda sido internada en el Hospital Pelaez de Ameghino y luego de una semana, trasladada a un centro de mayor complejidad de la ciudad de Junin, donde se produjo -este Miercoles-  su lamentable deceso.<\/p>\n\n\n\n<p>Los restos de Laura Vel\u00e1zquez son  trasladados a la ciudad de Ameghino  en horario que se confirmar\u00e1 &#8211; de acuerdo a datos suministrados por allegados-<\/p>\n\n\n\n<p>Con el deceso de Laura, el Distrito de Ameghino lamenta al dia de hoy 24 fallecidos por consecuencias de Covid-19.<\/p>\n","protected":false},"excerpt":{"rendered":"<p>Se Conoci\u00f3 la Noticia Hace Solo una hora. Se trata de una persona de sexo Femenino de 50 a\u00f1os de edad que primeramente hab\u00eda sido internada en el Hospital Pelaez de Ameghino y luego de una semana, trasladada a un centro de mayor complejidad de la ciudad de Junin, donde se produjo -este Miercoles- su [&hellip;]<\/p>\n","protected":false},"author":2,"featured_media":4149,"comment_status":"open","ping_status":"open","sticky":false,"template":"","format":"standard","meta":{"footnotes":"","jetpack_publicize_message":"","jetpack_publicize_feature_enabled":true,"jetpack_social_post_already_shared":true,"jetpack_social_options":{"image_generator_settings":{"template":"highway","default_image_id":0,"font":"","enabled":false},"version":2}},"categories":[28,2,24,6,9],"tags":[],"class_list":["post-4146","post","type-post","status-publish","format-standard","has-post-thumbnail","hentry","category-salud-covid19","category-destacadas","category-florentino-ameghino","category-interes-general","category-municipios"],"jetpack_publicize_connections":[],"jetpack_featured_media_url":"https:\/\/i0.wp.com\/www.labrujulaweb.com.ar\/blog\/wp-content\/uploads\/2021\/06\/PANDE-HOY-VALE.jpg?fit=889%2C500&ssl=1","jetpack_sharing_enabled":true,"_links":{"self":[{"href":"https:\/\/www.labrujulaweb.com.ar\/blog\/wp-json\/wp\/v2\/posts\/4146","targetHints":{"allow":["GET"]}}],"collection":[{"href":"https:\/\/www.labrujulaweb.com.ar\/blog\/wp-json\/wp\/v2\/posts"}],"about":[{"href":"https:\/\/www.labrujulaweb.com.ar\/blog\/wp-json\/wp\/v2\/types\/post"}],"author":[{"embeddable":true,"href":"https:\/\/www.labrujulaweb.com.ar\/blog\/wp-json\/wp\/v2\/users\/2"}],"replies":[{"embeddable":true,"href":"https:\/\/www.labrujulaweb.com.ar\/blog\/wp-json\/wp\/v2\/comments?post=4146"}],"version-history":[{"count":5,"href":"https:\/\/www.labrujulaweb.com.ar\/blog\/wp-json\/wp\/v2\/posts\/4146\/revisions"}],"predecessor-version":[{"id":4153,"href":"https:\/\/www.labrujulaweb.com.ar\/blog\/wp-json\/wp\/v2\/posts\/4146\/revisions\/4153"}],"wp:featuredmedia":[{"embeddable":true,"href":"https:\/\/www.labrujulaweb.com.ar\/blog\/wp-json\/wp\/v2\/media\/4149"}],"wp:attachment":[{"href":"https:\/\/www.labrujulaweb.com.ar\/blog\/wp-json\/wp\/v2\/media?parent=4146"}],"wp:term":[{"taxonomy":"category","embeddable":true,"href":"https:\/\/www.labrujulaweb.com.ar\/blog\/wp-json\/wp\/v2\/categories?post=4146"},{"taxonomy":"post_tag","embeddable":true,"href":"https:\/\/www.labrujulaweb.com.ar\/blog\/wp-json\/wp\/v2\/tags?post=4146"}],"curies":[{"name":"wp","href":"https:\/\/api.w.org\/{rel}","templated":true}]}}