{"id":4447,"date":"2021-08-01T22:13:54","date_gmt":"2021-08-02T01:13:54","guid":{"rendered":"http:\/\/www.labrujulaweb.com.ar\/blog\/?p=4447"},"modified":"2021-08-08T21:11:44","modified_gmt":"2021-08-09T00:11:44","slug":"el-gobierno-provincial-busca-fortalecer-al-sector-productivo-a-traves-de-creditos-y-programas-de-recuperacion-economica","status":"publish","type":"post","link":"https:\/\/www.labrujulaweb.com.ar\/blog\/industria-comercio\/el-gobierno-provincial-busca-fortalecer-al-sector-productivo-a-traves-de-creditos-y-programas-de-recuperacion-economica\/","title":{"rendered":"El gobierno provincial busca fortalecer al sector productivo a trav\u00e9s de cr\u00e9ditos y programas de recuperaci\u00f3n econ\u00f3mica"},"content":{"rendered":"\n<p><strong>Est\u00e1n destinados a industrias, PyMEs, cooperativas y actividades afectadas por la pandemia.<\/strong><\/p>\n\n\n\n<p>Este pasado Viernes los Secretarios de Producci\u00f3n de Municipios Bonaerenses, participaron de la reuni\u00f3n virtual para funcionarios a cargo de \u00e1reas productivas y comerciales organizadas por la Subsecretar\u00eda de Industria, PyMEs y Cooperativas del Ministerio de Producci\u00f3n, Ciencia e Innovaci\u00f3n Tecnol\u00f3gica de la Provincia de Buenos Aires.<\/p>\n\n\n\n<p>La reuni\u00f3n form\u00f3 parte de los encuentros territoriales que se vienen realizando a lo largo del a\u00f1o.<\/p>\n\n\n\n<p>En esta oportunidad se presentaron los siguientes programas de apoyo al sector productivo:<\/p>\n\n\n\n<ul class=\"wp-block-list\"><li><strong>Cr\u00e9ditos para la recuperaci\u00f3n productiva (para Pymes, en Agrupamientos Industriales, Microempresas y Pymes lideradas por mujeres).<\/strong><\/li><li><strong>Programa de sostenimiento econ\u00f3mico para actividades afectadas por la pandemia.<\/strong><\/li><li><strong>Aportes no reembolsables a cooperativas.<\/strong><\/li><\/ul>\n\n\n\n<p>Para acceder a la informaci\u00f3n de cada programa se debe ingresar al siguiente link:&nbsp;<a href=\"https:\/\/www.gba.gob.ar\/produccion\">https:\/\/www.gba.gob.ar\/produccion<\/a><\/p>\n\n\n\n<p><strong>En caso de tener problemas con la inscripci\u00f3n comunicarse con la Secretar\u00eda de Producci\u00f3n de su Municipio.<\/strong><\/p>\n","protected":false},"excerpt":{"rendered":"<p>Est\u00e1n destinados a industrias, PyMEs, cooperativas y actividades afectadas por la pandemia. Este pasado Viernes los Secretarios de Producci\u00f3n de Municipios Bonaerenses, participaron de la reuni\u00f3n virtual para funcionarios a cargo de \u00e1reas productivas y comerciales organizadas por la Subsecretar\u00eda de Industria, PyMEs y Cooperativas del Ministerio de Producci\u00f3n, Ciencia e Innovaci\u00f3n Tecnol\u00f3gica de la [&hellip;]<\/p>\n","protected":false},"author":2,"featured_media":4448,"comment_status":"open","ping_status":"open","sticky":false,"template":"","format":"standard","meta":{"footnotes":"","jetpack_publicize_message":"","jetpack_publicize_feature_enabled":true,"jetpack_social_post_already_shared":true,"jetpack_social_options":{"image_generator_settings":{"template":"highway","default_image_id":0,"font":"","enabled":false},"version":2}},"categories":[32,11,31,5,6,29],"tags":[],"class_list":["post-4447","post","type-post","status-publish","format-standard","has-post-thumbnail","hentry","category-agro-negocios","category-gobierno-provincial","category-importantes","category-industria-comercio","category-interes-general","category-politica-estado"],"jetpack_publicize_connections":[],"jetpack_featured_media_url":"https:\/\/i0.wp.com\/www.labrujulaweb.com.ar\/blog\/wp-content\/uploads\/2021\/08\/CREDITOSVALIDA.jpg?fit=888%2C500&ssl=1","jetpack_sharing_enabled":true,"_links":{"self":[{"href":"https:\/\/www.labrujulaweb.com.ar\/blog\/wp-json\/wp\/v2\/posts\/4447","targetHints":{"allow":["GET"]}}],"collection":[{"href":"https:\/\/www.labrujulaweb.com.ar\/blog\/wp-json\/wp\/v2\/posts"}],"about":[{"href":"https:\/\/www.labrujulaweb.com.ar\/blog\/wp-json\/wp\/v2\/types\/post"}],"author":[{"embeddable":true,"href":"https:\/\/www.labrujulaweb.com.ar\/blog\/wp-json\/wp\/v2\/users\/2"}],"replies":[{"embeddable":true,"href":"https:\/\/www.labrujulaweb.com.ar\/blog\/wp-json\/wp\/v2\/comments?post=4447"}],"version-history":[{"count":1,"href":"https:\/\/www.labrujulaweb.com.ar\/blog\/wp-json\/wp\/v2\/posts\/4447\/revisions"}],"predecessor-version":[{"id":4449,"href":"https:\/\/www.labrujulaweb.com.ar\/blog\/wp-json\/wp\/v2\/posts\/4447\/revisions\/4449"}],"wp:featuredmedia":[{"embeddable":true,"href":"https:\/\/www.labrujulaweb.com.ar\/blog\/wp-json\/wp\/v2\/media\/4448"}],"wp:attachment":[{"href":"https:\/\/www.labrujulaweb.com.ar\/blog\/wp-json\/wp\/v2\/media?parent=4447"}],"wp:term":[{"taxonomy":"category","embeddable":true,"href":"https:\/\/www.labrujulaweb.com.ar\/blog\/wp-json\/wp\/v2\/categories?post=4447"},{"taxonomy":"post_tag","embeddable":true,"href":"https:\/\/www.labrujulaweb.com.ar\/blog\/wp-json\/wp\/v2\/tags?post=4447"}],"curies":[{"name":"wp","href":"https:\/\/api.w.org\/{rel}","templated":true}]}}