{"id":4451,"date":"2021-08-03T10:20:13","date_gmt":"2021-08-03T13:20:13","guid":{"rendered":"http:\/\/www.labrujulaweb.com.ar\/blog\/?p=4451"},"modified":"2021-08-08T21:15:54","modified_gmt":"2021-08-09T00:15:54","slug":"zonal-proximas-movilizantes-e-intensas-jornadas-en-postas-de-vacunacion-por-que","status":"publish","type":"post","link":"https:\/\/www.labrujulaweb.com.ar\/blog\/interes-general\/zonal-proximas-movilizantes-e-intensas-jornadas-en-postas-de-vacunacion-por-que\/","title":{"rendered":"Zonal: Pr\u00f3ximas Movilizantes e Intensas Jornadas en Postas de Vacunaci\u00f3n \u00bfPor Qu\u00e9?"},"content":{"rendered":"\n<p>Si bien desde que comenz\u00f3 el ciclo de vacunaci\u00f3n contra el Covid-19 han sido jornadas intensas en su gran mayor\u00eda fundamentalmente porque despu\u00e9s de inmunizarse se van viendo resultados, este mi\u00e9rcoles se espera otra jornada intensa en cuanto a decisiones y concientizaci\u00f3n ya que ser\u00e1 la primera en donde se vacunar\u00e1n a menores de 18 a\u00f1os.<\/p>\n\n\n\n<p><strong>El mi\u00e9rcoles se pone en funcionamiento el primer cupo de las primeras dosis a menores de 18 a\u00f1os<\/strong> <strong>con comorbilidades o factores de riesgo en tanto que despu\u00e9s se continuaran con el resto de los menores que van de 12 a 17 a\u00f1os.<\/strong><\/p>\n\n\n\n<p>Cabe destacar que la aplicaci\u00f3n ser\u00e1 con vacunas del laboratorio Moderna  que ya est\u00e1n en las postas inform\u00f3 el Dr Matias Aranda quien es el referente de la posta en Ameghino, acentuando que<strong> quienes reciban esta primera dosis deben estar previamente inscriptos en la aplicaci\u00f3n <a href=\"http:\/\/www.vacunate.com\">www.vacunate.com<\/a> &nbsp;llevar un certificado m\u00e9dico o declaraci\u00f3n jurada y acompa\u00f1ados por padre madre o responsable mayor de edad.<\/strong><\/p>\n\n\n\n<p>Consultado sobre la continuidad que tendr\u00e1 esta nueva franja etaria el profesional asegur\u00f3 que, si bien en este momento cuentan con 140 dosis, en el transcurso de los d\u00edas seguir\u00e1n arribando m\u00e1s como se viene haciendo con la modalidad de los mayores, haciendo hincapi\u00e9 que <strong>es valiosa la concientizaci\u00f3n por parte de los padres quienes autorizan a sus hijos a vacunarse, buscando m\u00e1s poblaci\u00f3n vacunada para crear m\u00e1s inmunidad.<\/strong><\/p>\n\n\n\n<div class=\"wp-block-image\"><figure class=\"alignleft size-large is-resized\"><img data-recalc-dims=\"1\" loading=\"lazy\" decoding=\"async\" src=\"https:\/\/i0.wp.com\/www.labrujulaweb.com.ar\/blog\/wp-content\/uploads\/2021\/08\/POSTA-NUEVA-VALIDA.jpg?resize=442%2C248\" alt=\"\" class=\"wp-image-4453\" width=\"442\" height=\"248\" srcset=\"https:\/\/i0.wp.com\/www.labrujulaweb.com.ar\/blog\/wp-content\/uploads\/2021\/08\/POSTA-NUEVA-VALIDA.jpg?w=889&amp;ssl=1 889w, https:\/\/i0.wp.com\/www.labrujulaweb.com.ar\/blog\/wp-content\/uploads\/2021\/08\/POSTA-NUEVA-VALIDA.jpg?resize=300%2C169&amp;ssl=1 300w, https:\/\/i0.wp.com\/www.labrujulaweb.com.ar\/blog\/wp-content\/uploads\/2021\/08\/POSTA-NUEVA-VALIDA.jpg?resize=768%2C432&amp;ssl=1 768w\" sizes=\"auto, (max-width: 442px) 100vw, 442px\" \/><\/figure><\/div>\n\n\n\n<p>En los pr\u00f3ximos d\u00edas- aseguro Aranda- <strong>la posta de Ameghino saldr\u00e1 nuevamente a realizar un trabajo de concientizaci\u00f3n en escuelas, clubes y espacio p\u00fablicos <\/strong>como se hizo al comienzo de la vacunaci\u00f3n para adultos, con el objetivo de seguir asesorando a quienes tengan dudas para el acceso a la inscripci\u00f3n, pudiendo adem\u00e1s acercarse a la posta a interiorizarse.<\/p>\n\n\n\n<p>En tanto <strong>este Martes y Mi\u00e9rcoles se siguen aplicando 500 segundas dosis diarias de Astrazeneca<\/strong>-concluy\u00f3 el Dr. Aranda.<\/p>\n","protected":false},"excerpt":{"rendered":"<p>Si bien desde que comenz\u00f3 el ciclo de vacunaci\u00f3n contra el Covid-19 han sido jornadas intensas en su gran mayor\u00eda fundamentalmente porque despu\u00e9s de inmunizarse se van viendo resultados, este mi\u00e9rcoles se espera otra jornada intensa en cuanto a decisiones y concientizaci\u00f3n ya que ser\u00e1 la primera en donde se vacunar\u00e1n a menores de 18 [&hellip;]<\/p>\n","protected":false},"author":2,"featured_media":4452,"comment_status":"open","ping_status":"open","sticky":false,"template":"","format":"standard","meta":{"footnotes":"","jetpack_publicize_message":"","jetpack_publicize_feature_enabled":true,"jetpack_social_post_already_shared":true,"jetpack_social_options":{"image_generator_settings":{"template":"highway","default_image_id":0,"font":"","enabled":false},"version":2}},"categories":[28,24,6,9],"tags":[],"class_list":["post-4451","post","type-post","status-publish","format-standard","has-post-thumbnail","hentry","category-salud-covid19","category-florentino-ameghino","category-interes-general","category-municipios"],"jetpack_publicize_connections":[],"jetpack_featured_media_url":"https:\/\/i0.wp.com\/www.labrujulaweb.com.ar\/blog\/wp-content\/uploads\/2021\/08\/VACUNA-A-MENORESVALIDA.jpg?fit=888%2C500&ssl=1","jetpack_sharing_enabled":true,"_links":{"self":[{"href":"https:\/\/www.labrujulaweb.com.ar\/blog\/wp-json\/wp\/v2\/posts\/4451","targetHints":{"allow":["GET"]}}],"collection":[{"href":"https:\/\/www.labrujulaweb.com.ar\/blog\/wp-json\/wp\/v2\/posts"}],"about":[{"href":"https:\/\/www.labrujulaweb.com.ar\/blog\/wp-json\/wp\/v2\/types\/post"}],"author":[{"embeddable":true,"href":"https:\/\/www.labrujulaweb.com.ar\/blog\/wp-json\/wp\/v2\/users\/2"}],"replies":[{"embeddable":true,"href":"https:\/\/www.labrujulaweb.com.ar\/blog\/wp-json\/wp\/v2\/comments?post=4451"}],"version-history":[{"count":2,"href":"https:\/\/www.labrujulaweb.com.ar\/blog\/wp-json\/wp\/v2\/posts\/4451\/revisions"}],"predecessor-version":[{"id":4455,"href":"https:\/\/www.labrujulaweb.com.ar\/blog\/wp-json\/wp\/v2\/posts\/4451\/revisions\/4455"}],"wp:featuredmedia":[{"embeddable":true,"href":"https:\/\/www.labrujulaweb.com.ar\/blog\/wp-json\/wp\/v2\/media\/4452"}],"wp:attachment":[{"href":"https:\/\/www.labrujulaweb.com.ar\/blog\/wp-json\/wp\/v2\/media?parent=4451"}],"wp:term":[{"taxonomy":"category","embeddable":true,"href":"https:\/\/www.labrujulaweb.com.ar\/blog\/wp-json\/wp\/v2\/categories?post=4451"},{"taxonomy":"post_tag","embeddable":true,"href":"https:\/\/www.labrujulaweb.com.ar\/blog\/wp-json\/wp\/v2\/tags?post=4451"}],"curies":[{"name":"wp","href":"https:\/\/api.w.org\/{rel}","templated":true}]}}