{"id":4564,"date":"2021-08-15T18:28:46","date_gmt":"2021-08-15T21:28:46","guid":{"rendered":"http:\/\/www.labrujulaweb.com.ar\/blog\/?p=4564"},"modified":"2021-08-19T08:13:37","modified_gmt":"2021-08-19T11:13:37","slug":"perspectiva-climatica-productores-deberan-disenar-su-campana-agricola-en-presencia-de-otro-ano-nina-para-cuando-las-lluvias","status":"publish","type":"post","link":"https:\/\/www.labrujulaweb.com.ar\/blog\/industria-comercio\/perspectiva-climatica-productores-deberan-disenar-su-campana-agricola-en-presencia-de-otro-ano-nina-para-cuando-las-lluvias\/","title":{"rendered":"Perspectiva Clim\u00e1tica: Productores deber\u00e1n dise\u00f1ar su campa\u00f1a agr\u00edcola en presencia de otro a\u00f1o \u201cNi\u00f1a\u201d Para cuando Las Lluvias?"},"content":{"rendered":"\n<p>Conocer la probabilidad m\u00e1s certera sobre el clima es lo que en los \u00faltimos a\u00f1os ha desvelado a productores rurales, agr\u00f3nomos,&nbsp; la agro industria inclusive organizaciones de eventos, y porque no el turismo.<\/p>\n\n\n\n<p>La Lic. Estela Carballo especialista en clima y mercados mundiales inicio diciendo que siempre est\u00e1 el mayor temor en que cada&nbsp; campa\u00f1a sea marcada por un a\u00f1o \u201cni\u00f1a\u201d, donde genera un impacto importante sobre el \u00e1rea agr\u00edcola argentina, cosa que nosotros tambi\u00e9n estamos expectantes, reconoci\u00f3.<\/p>\n\n\n\n<p>La ex t\u00e9cnica de INTA Castelar record\u00f3 que el a\u00f1o pasado se tuvo una campa\u00f1a \u201cni\u00f1a\u201d y se hab\u00eda ingresado en una neutralidad a partir del oto\u00f1o,&nbsp; y sin bien se pens\u00f3 llegar a estar en una fase neutral, a partir de julio todos los pron\u00f3sticos se pusieron en \u201cni\u00f1a\u201d.<\/p>\n\n\n\n<p><strong>Este a\u00f1o tambi\u00e9n es \u201cni\u00f1a\u201d, pero ser\u00e1 diferente<\/strong> y explico que en su caso&nbsp; se basa en un pron\u00f3stico norteamericano que se acerca mucho a lo que pasa.<\/p>\n\n\n\n<p>\u201cSe dar\u00e1 a finales de la primavera e inicios del verano, es donde se complica ya que tendremos menor frecuencia de frentes, y las temperaturas aumentan, saliendo de manera lenta en diciembre\/enero a condici\u00f3n de neutralidad que se plasmara en marzo seg\u00fan los pron\u00f3sticos.<\/p>\n\n\n\n<p>La Lic. Stella Carballo record\u00f3 que el \u00faltimo oto\u00f1o a diferencia del 2020 permiti\u00f3 recarga h\u00eddrica, agregando que las bajas temperaturas pueden perdurar hasta entrado octubre 2021.<\/p>\n\n\n\n<figure class=\"wp-block-gallery columns-2 is-cropped wp-block-gallery-1 is-layout-flex wp-block-gallery-is-layout-flex\"><ul class=\"blocks-gallery-grid\"><li class=\"blocks-gallery-item\"><figure><img data-recalc-dims=\"1\" loading=\"lazy\" decoding=\"async\" width=\"640\" height=\"480\" src=\"https:\/\/i0.wp.com\/www.labrujulaweb.com.ar\/blog\/wp-content\/uploads\/2021\/08\/LLUVIAVALIDA.jpg?resize=640%2C480\" alt=\"\" data-id=\"4566\" data-link=\"http:\/\/www.labrujulaweb.com.ar\/blog\/?attachment_id=4566\" class=\"wp-image-4566\" srcset=\"https:\/\/i0.wp.com\/www.labrujulaweb.com.ar\/blog\/wp-content\/uploads\/2021\/08\/LLUVIAVALIDA.jpg?w=667&amp;ssl=1 667w, https:\/\/i0.wp.com\/www.labrujulaweb.com.ar\/blog\/wp-content\/uploads\/2021\/08\/LLUVIAVALIDA.jpg?resize=300%2C225&amp;ssl=1 300w, https:\/\/i0.wp.com\/www.labrujulaweb.com.ar\/blog\/wp-content\/uploads\/2021\/08\/LLUVIAVALIDA.jpg?resize=136%2C102&amp;ssl=1 136w\" sizes=\"auto, (max-width: 640px) 100vw, 640px\" \/><\/figure><\/li><li class=\"blocks-gallery-item\"><figure><img data-recalc-dims=\"1\" loading=\"lazy\" decoding=\"async\" width=\"640\" height=\"360\" src=\"https:\/\/i0.wp.com\/www.labrujulaweb.com.ar\/blog\/wp-content\/uploads\/2021\/08\/HELADASVALIDA.jpg?resize=640%2C360\" alt=\"\" data-id=\"4567\" data-full-url=\"http:\/\/www.labrujulaweb.com.ar\/blog\/wp-content\/uploads\/2021\/08\/HELADASVALIDA.jpg\" data-link=\"http:\/\/www.labrujulaweb.com.ar\/blog\/?attachment_id=4567\" class=\"wp-image-4567\" srcset=\"https:\/\/i0.wp.com\/www.labrujulaweb.com.ar\/blog\/wp-content\/uploads\/2021\/08\/HELADASVALIDA.jpg?w=889&amp;ssl=1 889w, https:\/\/i0.wp.com\/www.labrujulaweb.com.ar\/blog\/wp-content\/uploads\/2021\/08\/HELADASVALIDA.jpg?resize=300%2C169&amp;ssl=1 300w, https:\/\/i0.wp.com\/www.labrujulaweb.com.ar\/blog\/wp-content\/uploads\/2021\/08\/HELADASVALIDA.jpg?resize=768%2C432&amp;ssl=1 768w\" sizes=\"auto, (max-width: 640px) 100vw, 640px\" \/><\/figure><\/li><\/ul><\/figure>\n\n\n\n<p><strong>Estrategia de siembra<\/strong><\/p>\n\n\n\n<p>Carballo record\u00f3 que en un a\u00f1o como el que se anuncia clim\u00e1ticamente, siempre hay sectores del \u00e1rea que sufren las consecuencias, como fue en el 2020 donde los cultivos de invierno en C\u00f3rdoba y Santa Fe fueron los m\u00e1s afectados, y los cultivos de verano se resintieron en Buenos Aires, sobre todo en soja de 2da.<\/p>\n\n\n\n<p>Ante ello <strong>recomend\u00f3 tener una estrategia de escalonamiento de siembra, <\/strong>elecci\u00f3n de variedades que hayan mostrado un comportamiento adaptado a las condiciones de d\u00e9ficit, donde no tendremos un potencial de rinde, pero si buen comportamiento en un a\u00f1o como el anunciado.<\/p>\n\n\n\n<p><strong>Frentes de lluvias<\/strong><\/p>\n\n\n\n<p>En otro tramo indico que luego del frente de lluvia del 7\/08,&nbsp; informo que en los pr\u00f3ximos d\u00edas no se esperan lluvias, hasta finalizado agosto.<strong> En septiembre tendr\u00e1 lluvias en la \u00faltima semana el centro bonaerense.<\/strong><\/p>\n\n\n\n<p>Mientras que para octubre habr\u00e1 recomposici\u00f3n hacia el oeste y riesgos de heladas,&nbsp; y hacia la \u00faltima semana habr\u00e1 un evento de lluvias, contin\u00faa otro frente en la primera semana de noviembre para la regi\u00f3n agr\u00edcola los pr\u00f3ximos frentes de humedad.<\/p>\n","protected":false},"excerpt":{"rendered":"<p>Conocer la probabilidad m\u00e1s certera sobre el clima es lo que en los \u00faltimos a\u00f1os ha desvelado a productores rurales, agr\u00f3nomos,&nbsp; la agro industria inclusive organizaciones de eventos, y porque no el turismo. La Lic. Estela Carballo especialista en clima y mercados mundiales inicio diciendo que siempre est\u00e1 el mayor temor en que cada&nbsp; campa\u00f1a [&hellip;]<\/p>\n","protected":false},"author":2,"featured_media":4565,"comment_status":"open","ping_status":"open","sticky":false,"template":"","format":"standard","meta":{"footnotes":"","jetpack_publicize_message":"","jetpack_publicize_feature_enabled":true,"jetpack_social_post_already_shared":true,"jetpack_social_options":{"image_generator_settings":{"template":"highway","default_image_id":0,"font":"","enabled":false},"version":2}},"categories":[31,5,6,33],"tags":[],"class_list":["post-4564","post","type-post","status-publish","format-standard","has-post-thumbnail","hentry","category-importantes","category-industria-comercio","category-interes-general","category-rural"],"jetpack_publicize_connections":[],"jetpack_featured_media_url":"https:\/\/i0.wp.com\/www.labrujulaweb.com.ar\/blog\/wp-content\/uploads\/2021\/08\/PERSPECTIVA-CLIMATICA-3VALIDA.jpg?fit=885%2C500&ssl=1","jetpack_sharing_enabled":true,"_links":{"self":[{"href":"https:\/\/www.labrujulaweb.com.ar\/blog\/wp-json\/wp\/v2\/posts\/4564","targetHints":{"allow":["GET"]}}],"collection":[{"href":"https:\/\/www.labrujulaweb.com.ar\/blog\/wp-json\/wp\/v2\/posts"}],"about":[{"href":"https:\/\/www.labrujulaweb.com.ar\/blog\/wp-json\/wp\/v2\/types\/post"}],"author":[{"embeddable":true,"href":"https:\/\/www.labrujulaweb.com.ar\/blog\/wp-json\/wp\/v2\/users\/2"}],"replies":[{"embeddable":true,"href":"https:\/\/www.labrujulaweb.com.ar\/blog\/wp-json\/wp\/v2\/comments?post=4564"}],"version-history":[{"count":2,"href":"https:\/\/www.labrujulaweb.com.ar\/blog\/wp-json\/wp\/v2\/posts\/4564\/revisions"}],"predecessor-version":[{"id":4587,"href":"https:\/\/www.labrujulaweb.com.ar\/blog\/wp-json\/wp\/v2\/posts\/4564\/revisions\/4587"}],"wp:featuredmedia":[{"embeddable":true,"href":"https:\/\/www.labrujulaweb.com.ar\/blog\/wp-json\/wp\/v2\/media\/4565"}],"wp:attachment":[{"href":"https:\/\/www.labrujulaweb.com.ar\/blog\/wp-json\/wp\/v2\/media?parent=4564"}],"wp:term":[{"taxonomy":"category","embeddable":true,"href":"https:\/\/www.labrujulaweb.com.ar\/blog\/wp-json\/wp\/v2\/categories?post=4564"},{"taxonomy":"post_tag","embeddable":true,"href":"https:\/\/www.labrujulaweb.com.ar\/blog\/wp-json\/wp\/v2\/tags?post=4564"}],"curies":[{"name":"wp","href":"https:\/\/api.w.org\/{rel}","templated":true}]}}