{"id":4690,"date":"2021-08-26T22:03:31","date_gmt":"2021-08-27T01:03:31","guid":{"rendered":"http:\/\/www.labrujulaweb.com.ar\/blog\/?p=4690"},"modified":"2021-08-27T08:00:31","modified_gmt":"2021-08-27T11:00:31","slug":"choque-de-camiones-en-ruta-33","status":"publish","type":"post","link":"https:\/\/www.labrujulaweb.com.ar\/blog\/destacadas\/choque-de-camiones-en-ruta-33\/","title":{"rendered":"CHOQUE  DE CAMIONES EN RUTA 33"},"content":{"rendered":"\n<p>Un choque entre dos camiones se produjo este jueves en el km 19 de la ruta 33, pasadas las 12.15 hs.<\/p>\n\n\n\n<p>All\u00ed, colisionaron un Ford Cargo dominio EIS599, al mando de N\u00e9stor Scodelari de 60 a\u00f1os, y un Mercedes Benz 1633 (BBR 193), conducido por N\u00e9stor Fuentes, de 27. El primero result\u00f3 ileso, mientras que este \u00faltimo debi\u00f3 ser atendido por la ambulancia del servicio SAME y luego trasladado a un centro asistencial.<\/p>\n\n\n\n<figure class=\"wp-block-gallery columns-2 is-cropped wp-block-gallery-1 is-layout-flex wp-block-gallery-is-layout-flex\"><ul class=\"blocks-gallery-grid\"><li class=\"blocks-gallery-item\"><figure><img data-recalc-dims=\"1\" loading=\"lazy\" decoding=\"async\" width=\"640\" height=\"373\" src=\"https:\/\/i0.wp.com\/www.labrujulaweb.com.ar\/blog\/wp-content\/uploads\/2021\/08\/CHOQUE2VALIDO.jpg?resize=640%2C373\" alt=\"\" data-id=\"4691\" data-link=\"http:\/\/www.labrujulaweb.com.ar\/blog\/?attachment_id=4691\" class=\"wp-image-4691\" srcset=\"https:\/\/i0.wp.com\/www.labrujulaweb.com.ar\/blog\/wp-content\/uploads\/2021\/08\/CHOQUE2VALIDO.jpg?w=859&amp;ssl=1 859w, https:\/\/i0.wp.com\/www.labrujulaweb.com.ar\/blog\/wp-content\/uploads\/2021\/08\/CHOQUE2VALIDO.jpg?resize=300%2C175&amp;ssl=1 300w, https:\/\/i0.wp.com\/www.labrujulaweb.com.ar\/blog\/wp-content\/uploads\/2021\/08\/CHOQUE2VALIDO.jpg?resize=768%2C447&amp;ssl=1 768w\" sizes=\"auto, (max-width: 640px) 100vw, 640px\" \/><\/figure><\/li><li class=\"blocks-gallery-item\"><figure><img data-recalc-dims=\"1\" loading=\"lazy\" decoding=\"async\" width=\"640\" height=\"360\" src=\"https:\/\/i0.wp.com\/www.labrujulaweb.com.ar\/blog\/wp-content\/uploads\/2021\/08\/CHOQUEVALIDO.jpg?resize=640%2C360\" alt=\"\" data-id=\"4692\" data-full-url=\"http:\/\/www.labrujulaweb.com.ar\/blog\/wp-content\/uploads\/2021\/08\/CHOQUEVALIDO.jpg\" data-link=\"http:\/\/www.labrujulaweb.com.ar\/blog\/?attachment_id=4692\" class=\"wp-image-4692\" srcset=\"https:\/\/i0.wp.com\/www.labrujulaweb.com.ar\/blog\/wp-content\/uploads\/2021\/08\/CHOQUEVALIDO.jpg?w=889&amp;ssl=1 889w, https:\/\/i0.wp.com\/www.labrujulaweb.com.ar\/blog\/wp-content\/uploads\/2021\/08\/CHOQUEVALIDO.jpg?resize=300%2C169&amp;ssl=1 300w, https:\/\/i0.wp.com\/www.labrujulaweb.com.ar\/blog\/wp-content\/uploads\/2021\/08\/CHOQUEVALIDO.jpg?resize=768%2C432&amp;ssl=1 768w\" sizes=\"auto, (max-width: 640px) 100vw, 640px\" \/><\/figure><\/li><\/ul><\/figure>\n\n\n\n<p>Unos de los camiones qued\u00f3 perdiendo cereal en la cinta asf\u00e1ltica, por lo que Bomberos de Cerri quedaron barriendo dicho cereal.Colabor\u00f3 polic\u00eda Vial y Seguridad Vial y Defensa Civil<\/p>\n","protected":false},"excerpt":{"rendered":"<p>Un choque entre dos camiones se produjo este jueves en el km 19 de la ruta 33, pasadas las 12.15 hs. All\u00ed, colisionaron un Ford Cargo dominio EIS599, al mando de N\u00e9stor Scodelari de 60 a\u00f1os, y un Mercedes Benz 1633 (BBR 193), conducido por N\u00e9stor Fuentes, de 27. El primero result\u00f3 ileso, mientras que [&hellip;]<\/p>\n","protected":false},"author":2,"featured_media":4693,"comment_status":"open","ping_status":"open","sticky":false,"template":"","format":"standard","meta":{"footnotes":"","jetpack_publicize_message":"","jetpack_publicize_feature_enabled":true,"jetpack_social_post_already_shared":true,"jetpack_social_options":{"image_generator_settings":{"template":"highway","default_image_id":0,"font":"","enabled":false},"version":2}},"categories":[2,6,34],"tags":[],"class_list":["post-4690","post","type-post","status-publish","format-standard","has-post-thumbnail","hentry","category-destacadas","category-interes-general","category-policial"],"jetpack_publicize_connections":[],"jetpack_featured_media_url":"https:\/\/i0.wp.com\/www.labrujulaweb.com.ar\/blog\/wp-content\/uploads\/2021\/08\/CHOQUE1VALIDO.jpg?fit=750%2C500&ssl=1","jetpack_sharing_enabled":true,"_links":{"self":[{"href":"https:\/\/www.labrujulaweb.com.ar\/blog\/wp-json\/wp\/v2\/posts\/4690","targetHints":{"allow":["GET"]}}],"collection":[{"href":"https:\/\/www.labrujulaweb.com.ar\/blog\/wp-json\/wp\/v2\/posts"}],"about":[{"href":"https:\/\/www.labrujulaweb.com.ar\/blog\/wp-json\/wp\/v2\/types\/post"}],"author":[{"embeddable":true,"href":"https:\/\/www.labrujulaweb.com.ar\/blog\/wp-json\/wp\/v2\/users\/2"}],"replies":[{"embeddable":true,"href":"https:\/\/www.labrujulaweb.com.ar\/blog\/wp-json\/wp\/v2\/comments?post=4690"}],"version-history":[{"count":2,"href":"https:\/\/www.labrujulaweb.com.ar\/blog\/wp-json\/wp\/v2\/posts\/4690\/revisions"}],"predecessor-version":[{"id":4700,"href":"https:\/\/www.labrujulaweb.com.ar\/blog\/wp-json\/wp\/v2\/posts\/4690\/revisions\/4700"}],"wp:featuredmedia":[{"embeddable":true,"href":"https:\/\/www.labrujulaweb.com.ar\/blog\/wp-json\/wp\/v2\/media\/4693"}],"wp:attachment":[{"href":"https:\/\/www.labrujulaweb.com.ar\/blog\/wp-json\/wp\/v2\/media?parent=4690"}],"wp:term":[{"taxonomy":"category","embeddable":true,"href":"https:\/\/www.labrujulaweb.com.ar\/blog\/wp-json\/wp\/v2\/categories?post=4690"},{"taxonomy":"post_tag","embeddable":true,"href":"https:\/\/www.labrujulaweb.com.ar\/blog\/wp-json\/wp\/v2\/tags?post=4690"}],"curies":[{"name":"wp","href":"https:\/\/api.w.org\/{rel}","templated":true}]}}